{"id":21195,"date":"2024-03-20T09:37:52","date_gmt":"2024-03-20T14:37:52","guid":{"rendered":"https:\/\/podernacional.com\/?p=21195"},"modified":"2024-03-20T14:37:53","modified_gmt":"2024-03-20T14:37:53","slug":"susana-zabaleta-va-a-regalar-abrazos","status":"publish","type":"post","link":"https:\/\/podernacional.com\/?p=21195","title":{"rendered":"Susana Zabaleta va a regalar abrazos"},"content":{"rendered":"<p>Recientemente, Susana Zabaleta ha dado de qu\u00e9 hablar luego de que se le relacionara sentimentalmente con Ricardo P\u00e9rez, creador de \u00abLa Cotorrisa\u00bb, quien adem\u00e1s es 30 a\u00f1os m\u00e1s joven que ella y que en repetidas ocasiones, ambos ha dejado claro que eso no les importa.<\/p>\n<p>En este contexto, la cantante recientemente public\u00f3 una convocatoria en sus redes sociales que emocion\u00f3 a sus seguidores, pues se mostr\u00f3 cercana con el gesto que tendr\u00e1, ya que regalar\u00e1 abrazos a sus seguidores.<\/p>\n<p>A trav\u00e9s de sus redes sociales, Susana Zabaleta public\u00f3 toda la informaci\u00f3n referente a los abrazos gratis que dar\u00e1 como un gesto para recibir a la primavera.<\/p>\n<p>La cita ser\u00e1 este jueves 21 de marzo desde las 11:00 hasta las 17:00 horas en el Museo Soumaya, ubicado sobre el Boulevard Miguel de Cervantes Saavedra, colonia Granada, en la alcald\u00eda Miguel Hidalgo, Ciudad de M\u00e9xico.<\/p>\n<p>Te puede interesar: VIDEO: \u00abFlores El Patr\u00f3n\u00bb le entrega ramo a la mam\u00e1 de Mildred, la ni\u00f1a que muri\u00f3 de c\u00e1ncer<\/p>\n<p>Un abrazo es tan vital\u2026 Chamacos, \u00a1d\u00e9monos un abrazo para recibir la primavera! Los espero el 21 de marzo en el Museo Soumaya\u00bb<\/p>\n<p>No se necesita nada m\u00e1s que la mejor disposici\u00f3n de los interesados en recibir la primavera en compa\u00f1\u00eda de la talentosa actriz, quien hizo este llamado a todos los que quieran compartir con ella.<\/p>\n","protected":false},"excerpt":{"rendered":"<p>Recientemente, Susana Zabaleta ha dado de qu\u00e9 hablar luego de que se le relacionara sentimentalmente con Ricardo P\u00e9rez, creador de \u00abLa Cotorrisa\u00bb, quien adem\u00e1s es 30 a\u00f1os m\u00e1s joven que ella y que en repetidas ocasiones, ambos ha dejado claro que eso no les importa. En este contexto, la cantante recientemente public\u00f3 una convocatoria en [&hellip;]<\/p>\n","protected":false},"author":1,"featured_media":21197,"comment_status":"open","ping_status":"closed","sticky":false,"template":"","format":"standard","meta":{"footnotes":""},"categories":[4],"tags":[],"class_list":["post-21195","post","type-post","status-publish","format-standard","has-post-thumbnail","hentry","category-espectaculos"],"_links":{"self":[{"href":"https:\/\/podernacional.com\/index.php?rest_route=\/wp\/v2\/posts\/21195","targetHints":{"allow":["GET"]}}],"collection":[{"href":"https:\/\/podernacional.com\/index.php?rest_route=\/wp\/v2\/posts"}],"about":[{"href":"https:\/\/podernacional.com\/index.php?rest_route=\/wp\/v2\/types\/post"}],"author":[{"embeddable":true,"href":"https:\/\/podernacional.com\/index.php?rest_route=\/wp\/v2\/users\/1"}],"replies":[{"embeddable":true,"href":"https:\/\/podernacional.com\/index.php?rest_route=%2Fwp%2Fv2%2Fcomments&post=21195"}],"version-history":[{"count":1,"href":"https:\/\/podernacional.com\/index.php?rest_route=\/wp\/v2\/posts\/21195\/revisions"}],"predecessor-version":[{"id":21196,"href":"https:\/\/podernacional.com\/index.php?rest_route=\/wp\/v2\/posts\/21195\/revisions\/21196"}],"wp:featuredmedia":[{"embeddable":true,"href":"https:\/\/podernacional.com\/index.php?rest_route=\/wp\/v2\/media\/21197"}],"wp:attachment":[{"href":"https:\/\/podernacional.com\/index.php?rest_route=%2Fwp%2Fv2%2Fmedia&parent=21195"}],"wp:term":[{"taxonomy":"category","embeddable":true,"href":"https:\/\/podernacional.com\/index.php?rest_route=%2Fwp%2Fv2%2Fcategories&post=21195"},{"taxonomy":"post_tag","embeddable":true,"href":"https:\/\/podernacional.com\/index.php?rest_route=%2Fwp%2Fv2%2Ftags&post=21195"}],"curies":[{"name":"wp","href":"https:\/\/api.w.org\/{rel}","templated":true}]}}