{"id":21207,"date":"2024-03-21T10:26:23","date_gmt":"2024-03-21T15:26:23","guid":{"rendered":"https:\/\/podernacional.com\/?p=21207"},"modified":"2024-03-21T15:26:25","modified_gmt":"2024-03-21T15:26:25","slug":"harold-preciado-pide-que-se-abra-la-prueba-b-a-pesar-de-que-el-riesgo-sea-mayor-si-es-positivo-a-doping","status":"publish","type":"post","link":"https:\/\/podernacional.com\/?p=21207","title":{"rendered":"Harold Preciado pide que se abra la &#8216;Prueba B&#8217;, a pesar de que el riesgo sea mayor si es positivo a doping"},"content":{"rendered":"<p>A principios del mes de marzo, cuando se preparaba su regreso a las canchas despu\u00e9s de una lesi\u00f3n, Harold Preciado fue suspendido provisionalmente luego de haber dado positivo en una prueba antidopaje, raz\u00f3n por la cual no ha podido regresar a la actividad con Santos Laguna.<\/p>\n<p>Casi tres semanas despu\u00e9s, Preciado ha pedido que se abra la &#8216;Prueba B&#8217; a pesar de que, en caso de que salga positiva, la sanci\u00f3n podr\u00eda alejarlo m\u00e1s tiempo de las canchas, esto de acuerdo a informaci\u00f3n de David Medrano<\/p>\n<p>\u00abHarold Preciado ha decidido que se aperture la &#8216;Prueba B&#8217;. Ante esta situaci\u00f3n, el riesgo de una sanci\u00f3n mayor se incrementa y para Santos la posibilidad de perder algo as\u00ed como 15 millones de d\u00f3lares.<\/p>\n<p>El delantero decidi\u00f3 no declararse culpable y que se siga el procedimiento establecido en estos casos. Reglamentariamente, Preciado no puede entrenar con Santos, tiene que hacerlo aparte y el club no le puede pagar, ya que as\u00ed lo se\u00f1ala el reglamento de sanciones, por ello el contrato del delantero por ahora se encuentra congelado\u00bb, public\u00f3 en su columna de este 21 de marzo.<\/p>\n<p>Como lo comenta Medrano en su columna, Preciado se encuentra separado del club lagunero, entrena por su cuenta y Santos tiene al colombiano sin goce de sueldo.<\/p>\n<p>En caso de que la &#8216;Prueba B&#8217; se aperture y Harold Preciado salga negativa, el organismo est\u00e1 obligado a reinstaurar al colombiano y puede volver a la actividad de la Liga MX.<\/p>\n","protected":false},"excerpt":{"rendered":"<p>A principios del mes de marzo, cuando se preparaba su regreso a las canchas despu\u00e9s de una lesi\u00f3n, Harold Preciado fue suspendido provisionalmente luego de haber dado positivo en una prueba antidopaje, raz\u00f3n por la cual no ha podido regresar a la actividad con Santos Laguna. Casi tres semanas despu\u00e9s, Preciado ha pedido que se [&hellip;]<\/p>\n","protected":false},"author":1,"featured_media":21209,"comment_status":"open","ping_status":"closed","sticky":false,"template":"","format":"standard","meta":{"footnotes":""},"categories":[3],"tags":[],"class_list":["post-21207","post","type-post","status-publish","format-standard","has-post-thumbnail","hentry","category-deportes"],"_links":{"self":[{"href":"https:\/\/podernacional.com\/index.php?rest_route=\/wp\/v2\/posts\/21207","targetHints":{"allow":["GET"]}}],"collection":[{"href":"https:\/\/podernacional.com\/index.php?rest_route=\/wp\/v2\/posts"}],"about":[{"href":"https:\/\/podernacional.com\/index.php?rest_route=\/wp\/v2\/types\/post"}],"author":[{"embeddable":true,"href":"https:\/\/podernacional.com\/index.php?rest_route=\/wp\/v2\/users\/1"}],"replies":[{"embeddable":true,"href":"https:\/\/podernacional.com\/index.php?rest_route=%2Fwp%2Fv2%2Fcomments&post=21207"}],"version-history":[{"count":1,"href":"https:\/\/podernacional.com\/index.php?rest_route=\/wp\/v2\/posts\/21207\/revisions"}],"predecessor-version":[{"id":21208,"href":"https:\/\/podernacional.com\/index.php?rest_route=\/wp\/v2\/posts\/21207\/revisions\/21208"}],"wp:featuredmedia":[{"embeddable":true,"href":"https:\/\/podernacional.com\/index.php?rest_route=\/wp\/v2\/media\/21209"}],"wp:attachment":[{"href":"https:\/\/podernacional.com\/index.php?rest_route=%2Fwp%2Fv2%2Fmedia&parent=21207"}],"wp:term":[{"taxonomy":"category","embeddable":true,"href":"https:\/\/podernacional.com\/index.php?rest_route=%2Fwp%2Fv2%2Fcategories&post=21207"},{"taxonomy":"post_tag","embeddable":true,"href":"https:\/\/podernacional.com\/index.php?rest_route=%2Fwp%2Fv2%2Ftags&post=21207"}],"curies":[{"name":"wp","href":"https:\/\/api.w.org\/{rel}","templated":true}]}}