{"id":21225,"date":"2024-03-22T11:48:28","date_gmt":"2024-03-22T16:48:28","guid":{"rendered":"https:\/\/podernacional.com\/?p=21225"},"modified":"2024-03-22T16:48:30","modified_gmt":"2024-03-22T16:48:30","slug":"america-esta-en-los-angeles-para-clasico-joven-amistoso-ante-cruz-azul","status":"publish","type":"post","link":"https:\/\/podernacional.com\/?p=21225","title":{"rendered":"Am\u00e9rica est\u00e1 en Los \u00c1ngeles para Cl\u00e1sico Joven amistoso ante Cruz Azul"},"content":{"rendered":"<p>El Clausura 2024 tendr\u00e1 una pausa este fin de semana debido a la Fecha FIFA, aunque eso no significa que no habr\u00e1 actividad entre clubes mexicanos. Am\u00e9rica, uno de los clubes que m\u00e1s jugadores cedi\u00f3 a selecciones nacionales, enfrentar\u00e1 a Cruz Azul en Los \u00c1ngeles en un compromiso amistoso.<\/p>\n<p>Ambos equipos viajaron este jueves a territorio estadounidense, donde desde hace un par de d\u00edas se confirm\u00f3 que se vendieron todas las entradas para el Cl\u00e1sico Joven amistoso, mismo que se celebrar\u00e1 en el Dignity Health Sports Park.<\/p>\n<p>El equipo azulcrema tuvo un gran recibimiento por parte de la afici\u00f3n mexicana que radica en Los \u00c1ngeles y que busc\u00f3 tomarse fotos con los jugadores y Andr\u00e9 Jardine. El t\u00e9cnico brasile\u00f1o no contar\u00e1 con Juli\u00e1n Qui\u00f1ones ni Henry Mart\u00edn, que tuvieron actividad este jueves con la Selecci\u00f3n Mexicana, mientras que Luis Malag\u00f3n se qued\u00f3 en la banca.<\/p>\n<p>Adem\u00e1s Igor Lichnovsky, Sebasti\u00e1n C\u00e1ceres y Brian Rodr\u00edguez viajaron con sus selecciones en esta Fecha FIFA. Por lo que ser\u00e1 la oportunidad de jugadores j\u00f3venes y aquellos que tienen poca actividad de mostrarse ante Jardine.<\/p>\n<p>Por parte de Cruz Azul, las \u00fanicas ausencias que tendr\u00e1 Mart\u00edn Anselmi son las de Carlos Rodr\u00edguez y Uriel Antuna, ambos convocados al Tri de Jaime Lozano.<\/p>\n","protected":false},"excerpt":{"rendered":"<p>El Clausura 2024 tendr\u00e1 una pausa este fin de semana debido a la Fecha FIFA, aunque eso no significa que no habr\u00e1 actividad entre clubes mexicanos. Am\u00e9rica, uno de los clubes que m\u00e1s jugadores cedi\u00f3 a selecciones nacionales, enfrentar\u00e1 a Cruz Azul en Los \u00c1ngeles en un compromiso amistoso. Ambos equipos viajaron este jueves a [&hellip;]<\/p>\n","protected":false},"author":1,"featured_media":21227,"comment_status":"open","ping_status":"closed","sticky":false,"template":"","format":"standard","meta":{"footnotes":""},"categories":[3],"tags":[],"class_list":["post-21225","post","type-post","status-publish","format-standard","has-post-thumbnail","hentry","category-deportes"],"_links":{"self":[{"href":"https:\/\/podernacional.com\/index.php?rest_route=\/wp\/v2\/posts\/21225","targetHints":{"allow":["GET"]}}],"collection":[{"href":"https:\/\/podernacional.com\/index.php?rest_route=\/wp\/v2\/posts"}],"about":[{"href":"https:\/\/podernacional.com\/index.php?rest_route=\/wp\/v2\/types\/post"}],"author":[{"embeddable":true,"href":"https:\/\/podernacional.com\/index.php?rest_route=\/wp\/v2\/users\/1"}],"replies":[{"embeddable":true,"href":"https:\/\/podernacional.com\/index.php?rest_route=%2Fwp%2Fv2%2Fcomments&post=21225"}],"version-history":[{"count":1,"href":"https:\/\/podernacional.com\/index.php?rest_route=\/wp\/v2\/posts\/21225\/revisions"}],"predecessor-version":[{"id":21226,"href":"https:\/\/podernacional.com\/index.php?rest_route=\/wp\/v2\/posts\/21225\/revisions\/21226"}],"wp:featuredmedia":[{"embeddable":true,"href":"https:\/\/podernacional.com\/index.php?rest_route=\/wp\/v2\/media\/21227"}],"wp:attachment":[{"href":"https:\/\/podernacional.com\/index.php?rest_route=%2Fwp%2Fv2%2Fmedia&parent=21225"}],"wp:term":[{"taxonomy":"category","embeddable":true,"href":"https:\/\/podernacional.com\/index.php?rest_route=%2Fwp%2Fv2%2Fcategories&post=21225"},{"taxonomy":"post_tag","embeddable":true,"href":"https:\/\/podernacional.com\/index.php?rest_route=%2Fwp%2Fv2%2Ftags&post=21225"}],"curies":[{"name":"wp","href":"https:\/\/api.w.org\/{rel}","templated":true}]}}