{"id":21228,"date":"2024-03-22T12:07:32","date_gmt":"2024-03-22T17:07:32","guid":{"rendered":"https:\/\/podernacional.com\/?p=21228"},"modified":"2024-03-22T17:07:33","modified_gmt":"2024-03-22T17:07:33","slug":"de-vuelta-en-la-escena-padrinito-toys-reaparece-tras-atentado","status":"publish","type":"post","link":"https:\/\/podernacional.com\/?p=21228","title":{"rendered":"De vuelta en la escena: \u201cPadrinito Toys\u201d reaparece tras atentado"},"content":{"rendered":"<p>El cantante de corridos tumbados conocido como \u201cPadrinito Toys\u201d reapareci\u00f3 en redes sociales despu\u00e9s de que su padre sufriera un ataque armado. La agresi\u00f3n se registr\u00f3 en calles de Culiac\u00e1n, Sinaloa.<\/p>\n<p>A trav\u00e9s de un breve comunicado, el cantante inform\u00f3 que se encontraba en perfecto estado de salud. Adem\u00e1s, aprovech\u00f3 para agradecer las muestras de cari\u00f1o.<\/p>\n<p>\u201cCon respecto al percance sucedido y mi estado de salud se les informa: estoy perfectamente bien y se les agradece a todas las personas que se han estado tratando de comunicar por medio de llamadas y redes sociales\u201d<\/p>\n<p>El comunicado del \u201cPadrinito Toys\u201d deja entrever que \u00e9l habr\u00eda estado en el lugar del ataque armado, contrario a lo que se report\u00f3 de al principio que hab\u00eda sido solo contra el pap\u00e1.<\/p>\n<p>Tras la publicaci\u00f3n del cantante de corridos tumbados, sus fans mostraron su apoyo con diversos mensajes en donde se mostraron contentos por el bienestar del famoso.<\/p>\n<p>\u201cQu\u00e9 bueno que est\u00e1s bien\u201d, \u201cMe ten\u00edas con el pendiente\u201d, \u201cQuien te cuida no se durmi\u00f3\u201d, \u201cGracias a Dios est\u00e1s bien\u201d, \u201cSiempre estaremos contigo\u201d, \u201cFuerza para el padrinito\u201d, \u201cA la orden estamos todos\u201d, \u201cEstaba muy preocupado\u201d, son parte de los comentarios que se pueden leer en la publicaci\u00f3n.<\/p>\n<p>Los primeros reportes comenzaron a correr la tarde-noche del 19 de marzo. Se inform\u00f3 que habr\u00eda sido el padre del \u201cPadrinito Toys\u201d el blanco del ataque mientras conduc\u00eda una camioneta Volkswagen Tiguan, color blanco.<\/p>\n<p>Hasta donde se sabe, tras el ataque armado, el pap\u00e1 del \u201cPadrinito Toys\u201d present\u00f3 herida en el brazo derecho y esquirlas en diversas partes del cuerpo. Sin embargo, el reporte de salud se\u00f1alaba que se encontraba estable.<\/p>\n<p>&nbsp;<\/p>\n","protected":false},"excerpt":{"rendered":"<p>El cantante de corridos tumbados conocido como \u201cPadrinito Toys\u201d reapareci\u00f3 en redes sociales despu\u00e9s de que su padre sufriera un ataque armado. La agresi\u00f3n se registr\u00f3 en calles de Culiac\u00e1n, Sinaloa. A trav\u00e9s de un breve comunicado, el cantante inform\u00f3 que se encontraba en perfecto estado de salud. Adem\u00e1s, aprovech\u00f3 para agradecer las muestras de [&hellip;]<\/p>\n","protected":false},"author":1,"featured_media":21230,"comment_status":"open","ping_status":"closed","sticky":false,"template":"","format":"standard","meta":{"footnotes":""},"categories":[4],"tags":[],"class_list":["post-21228","post","type-post","status-publish","format-standard","has-post-thumbnail","hentry","category-espectaculos"],"_links":{"self":[{"href":"https:\/\/podernacional.com\/index.php?rest_route=\/wp\/v2\/posts\/21228","targetHints":{"allow":["GET"]}}],"collection":[{"href":"https:\/\/podernacional.com\/index.php?rest_route=\/wp\/v2\/posts"}],"about":[{"href":"https:\/\/podernacional.com\/index.php?rest_route=\/wp\/v2\/types\/post"}],"author":[{"embeddable":true,"href":"https:\/\/podernacional.com\/index.php?rest_route=\/wp\/v2\/users\/1"}],"replies":[{"embeddable":true,"href":"https:\/\/podernacional.com\/index.php?rest_route=%2Fwp%2Fv2%2Fcomments&post=21228"}],"version-history":[{"count":1,"href":"https:\/\/podernacional.com\/index.php?rest_route=\/wp\/v2\/posts\/21228\/revisions"}],"predecessor-version":[{"id":21229,"href":"https:\/\/podernacional.com\/index.php?rest_route=\/wp\/v2\/posts\/21228\/revisions\/21229"}],"wp:featuredmedia":[{"embeddable":true,"href":"https:\/\/podernacional.com\/index.php?rest_route=\/wp\/v2\/media\/21230"}],"wp:attachment":[{"href":"https:\/\/podernacional.com\/index.php?rest_route=%2Fwp%2Fv2%2Fmedia&parent=21228"}],"wp:term":[{"taxonomy":"category","embeddable":true,"href":"https:\/\/podernacional.com\/index.php?rest_route=%2Fwp%2Fv2%2Fcategories&post=21228"},{"taxonomy":"post_tag","embeddable":true,"href":"https:\/\/podernacional.com\/index.php?rest_route=%2Fwp%2Fv2%2Ftags&post=21228"}],"curies":[{"name":"wp","href":"https:\/\/api.w.org\/{rel}","templated":true}]}}