{"id":21231,"date":"2024-03-22T12:43:09","date_gmt":"2024-03-22T17:43:09","guid":{"rendered":"https:\/\/podernacional.com\/?p=21231"},"modified":"2024-03-22T17:43:11","modified_gmt":"2024-03-22T17:43:11","slug":"arriban-a-cancun-autobuses-que-enlazaran-al-tren-maya-con-aeropuerto-de-cancun","status":"publish","type":"post","link":"https:\/\/podernacional.com\/?p=21231","title":{"rendered":"Arriban a Canc\u00fan autobuses que enlazar\u00e1n al Tren Maya con Aeropuerto de Canc\u00fan"},"content":{"rendered":"<p>Canc\u00fan, QRoo.- Ya se encuentran listos los siete autobuses el\u00e9ctricos de la marca china BYD que nutrir\u00e1n al Tren Maya de los pasajeros que desciendan de sus vuelos en la terminal a\u00e9rea de Canc\u00fan.<\/p>\n<p>Este sistema de transporte fue anunciado desde 2022, pero a finales de febrero pasado el titular de la Secretar\u00eda de Infraestructura, Comunicaciones y Transportes (SICT), Jorge Nu\u00f1o Lara, inform\u00f3 que la conferencia matutina del presidente Andr\u00e9s Manuel L\u00f3pez Obrador que estos autobuses tendr\u00edan capacidad para transportar a 47 personas (32 sentadas y 15 de pie), entre ambas terminales, aunque este medio puso constatar que cada veh\u00edculo solo cuenta con 18 asientos.<\/p>\n<p>Los autobuses ya se encuentran en la terminal Canc\u00fan-Aeropuerto en espera de comenzar a operar. El circuito que recorrer\u00e1n ser\u00e1 de 15.5 kil\u00f3metros, para facilitar el traslado de pasajeras y pasajeros desde las terminales 2, 3 y 4 del Aeropuerto Internacional de Canc\u00fan con la estaci\u00f3n del Tren Maya.<\/p>\n<p>Recorrer\u00e1n un camino perimetral, que rodea las pistas del aeropuerto, a lo largo de 4 kil\u00f3metros, con dos carriles de circulaci\u00f3n de 3.50 metros, exclusivamente destinado al paso de las siete unidades el\u00e9ctricas hacia la estaci\u00f3n Tren Maya. Adem\u00e1s, se construye un camino de servicio para el aeropuerto de 6 metros de ancho.<\/p>\n<p>Al d\u00eda de hoy, se encuentra completa la carpeta asf\u00e1ltica y se trabaja en la instalaci\u00f3n electromec\u00e1nica de las esclusas de acceso, as\u00ed como en las tres cercas de confinamiento, inform\u00f3 la SICT.<\/p>\n<p>Aunque se anunci\u00f3 tanto por directivos de Asur \u2014 concesionaria de la terminal a\u00e9rea de Canc\u00fan\u2014, como por el titular de la SICT, Nu\u00f1o Lara, que esta obra requer\u00eda de una Manifestaci\u00f3n de Impacto Ambiental, hasta el momento no se ha ingresado la solicitud de esta autorizaci\u00f3n ante la Secretar\u00eda de Medio Ambiente y Recursos Naturales.<\/p>\n","protected":false},"excerpt":{"rendered":"<p>Canc\u00fan, QRoo.- Ya se encuentran listos los siete autobuses el\u00e9ctricos de la marca china BYD que nutrir\u00e1n al Tren Maya de los pasajeros que desciendan de sus vuelos en la terminal a\u00e9rea de Canc\u00fan. Este sistema de transporte fue anunciado desde 2022, pero a finales de febrero pasado el titular de la Secretar\u00eda de Infraestructura, [&hellip;]<\/p>\n","protected":false},"author":1,"featured_media":21233,"comment_status":"open","ping_status":"closed","sticky":false,"template":"","format":"standard","meta":{"footnotes":""},"categories":[7],"tags":[],"class_list":["post-21231","post","type-post","status-publish","format-standard","has-post-thumbnail","hentry","category-nacional"],"_links":{"self":[{"href":"https:\/\/podernacional.com\/index.php?rest_route=\/wp\/v2\/posts\/21231","targetHints":{"allow":["GET"]}}],"collection":[{"href":"https:\/\/podernacional.com\/index.php?rest_route=\/wp\/v2\/posts"}],"about":[{"href":"https:\/\/podernacional.com\/index.php?rest_route=\/wp\/v2\/types\/post"}],"author":[{"embeddable":true,"href":"https:\/\/podernacional.com\/index.php?rest_route=\/wp\/v2\/users\/1"}],"replies":[{"embeddable":true,"href":"https:\/\/podernacional.com\/index.php?rest_route=%2Fwp%2Fv2%2Fcomments&post=21231"}],"version-history":[{"count":1,"href":"https:\/\/podernacional.com\/index.php?rest_route=\/wp\/v2\/posts\/21231\/revisions"}],"predecessor-version":[{"id":21232,"href":"https:\/\/podernacional.com\/index.php?rest_route=\/wp\/v2\/posts\/21231\/revisions\/21232"}],"wp:featuredmedia":[{"embeddable":true,"href":"https:\/\/podernacional.com\/index.php?rest_route=\/wp\/v2\/media\/21233"}],"wp:attachment":[{"href":"https:\/\/podernacional.com\/index.php?rest_route=%2Fwp%2Fv2%2Fmedia&parent=21231"}],"wp:term":[{"taxonomy":"category","embeddable":true,"href":"https:\/\/podernacional.com\/index.php?rest_route=%2Fwp%2Fv2%2Fcategories&post=21231"},{"taxonomy":"post_tag","embeddable":true,"href":"https:\/\/podernacional.com\/index.php?rest_route=%2Fwp%2Fv2%2Ftags&post=21231"}],"curies":[{"name":"wp","href":"https:\/\/api.w.org\/{rel}","templated":true}]}}