{"id":21234,"date":"2024-03-22T13:20:12","date_gmt":"2024-03-22T18:20:12","guid":{"rendered":"https:\/\/podernacional.com\/?p=21234"},"modified":"2024-03-22T18:20:14","modified_gmt":"2024-03-22T18:20:14","slug":"kate-middleton-anuncia-que-tiene-cancer-y-esta-recibiendo-quimioterapia","status":"publish","type":"post","link":"https:\/\/podernacional.com\/?p=21234","title":{"rendered":"Kate Middleton anuncia que tiene c\u00e1ncer y est\u00e1 recibiendo quimioterapia"},"content":{"rendered":"<p>Kate Middleton ha sido diagnosticada con c\u00e1ncer y actualmente se encuentra en tratamiento de quimioterapia, revel\u00f3 la Princesa de Gales este viernes.<\/p>\n<p>Se enter\u00f3 de su diagn\u00f3stico despu\u00e9s de someterse a una \u201ccirug\u00eda abdominal mayo\u201d en enero en la Cl\u00ednica de Londres, indic\u00f3. \u201cLa cirug\u00eda fue exitosa. Sin embargo, las pruebas posteriores a la operaci\u00f3n encontraron que hab\u00eda c\u00e1ncer\u201d, dijo Kate en una declaraci\u00f3n grabada en video.<\/p>\n<p>\u201cPor lo tanto, mi equipo m\u00e9dico me recomend\u00f3 que me sometiera a un tratamiento de quimioterapia preventiva y ahora me encuentro en las primeras etapas de ese tratamiento\u201d.<\/p>\n<p>\u00abEsto, por supuesto, fue un gran shock, y William y yo hemos estado haciendo todo lo posible para procesar y gestionar esto de forma privada por el bien de nuestra joven familia\u00bb, a\u00f1adi\u00f3 la madre de tres hijos.<\/p>\n<p>La princesa no revel\u00f3 contra qu\u00e9 tipo de c\u00e1ncer est\u00e1 luchando.<\/p>\n<p>Especulaciones y teor\u00edas de conspiraci\u00f3n ante ausencia de Kate Middleton<br \/>\nHan sido semanas de especulaciones sobre la salud de la Princesa de Gales despu\u00e9s de que los detalles de su cirug\u00eda se mantuvieran inicialmente en secreto.<\/p>\n<p>En su ausencia de la vida p\u00fablica, surgieron ra\u00edces varias teor\u00edas de conspiraci\u00f3n, y s\u00f3lo se intensificaron despu\u00e9s de que Kate publicara una imagen muy editada del D\u00eda de la Madre en el Reino Unido.<\/p>\n<p>Su diagn\u00f3stico se produce pocos meses despu\u00e9s de que su suegro, el rey Carlos III, revelara que \u00e9l tambi\u00e9n estaba luchando contra el c\u00e1ncer.<\/p>\n<p>La reina Camila dijo el jueves que su esposo, el rey Carlos III, sometido a tratamiento oncol\u00f3gico, \u00abest\u00e1 muy bien\u00bb, durante un compromiso oficial en Belfast, la capital de Irlanda del Norte.<\/p>\n<p>La reina, que ha asumido buena parte de los compromisos de la monarqu\u00eda ante la convalecencia de Carlos III y tambi\u00e9n de la princesa de Gales, lleg\u00f3 el mi\u00e9rcoles a Belfast, donde no hab\u00eda estado desde mayo de 2023, cuando la pareja hizo una visita despu\u00e9s de la coronaci\u00f3n.<\/p>\n<p>El monarca, de 75 a\u00f1os, est\u00e1 apartado de los actos p\u00fablicos -aunque mantiene sus labores de despacho- desde que el 6 de febrero se anunci\u00f3 que hab\u00eda sido diagnosticado con c\u00e1ncer tras ser operado de una pr\u00f3stata agrandada a finales de enero.<\/p>\n","protected":false},"excerpt":{"rendered":"<p>Kate Middleton ha sido diagnosticada con c\u00e1ncer y actualmente se encuentra en tratamiento de quimioterapia, revel\u00f3 la Princesa de Gales este viernes. Se enter\u00f3 de su diagn\u00f3stico despu\u00e9s de someterse a una \u201ccirug\u00eda abdominal mayo\u201d en enero en la Cl\u00ednica de Londres, indic\u00f3. \u201cLa cirug\u00eda fue exitosa. Sin embargo, las pruebas posteriores a la operaci\u00f3n [&hellip;]<\/p>\n","protected":false},"author":1,"featured_media":21236,"comment_status":"open","ping_status":"closed","sticky":false,"template":"","format":"standard","meta":{"footnotes":""},"categories":[5],"tags":[],"class_list":["post-21234","post","type-post","status-publish","format-standard","has-post-thumbnail","hentry","category-internacional"],"_links":{"self":[{"href":"https:\/\/podernacional.com\/index.php?rest_route=\/wp\/v2\/posts\/21234","targetHints":{"allow":["GET"]}}],"collection":[{"href":"https:\/\/podernacional.com\/index.php?rest_route=\/wp\/v2\/posts"}],"about":[{"href":"https:\/\/podernacional.com\/index.php?rest_route=\/wp\/v2\/types\/post"}],"author":[{"embeddable":true,"href":"https:\/\/podernacional.com\/index.php?rest_route=\/wp\/v2\/users\/1"}],"replies":[{"embeddable":true,"href":"https:\/\/podernacional.com\/index.php?rest_route=%2Fwp%2Fv2%2Fcomments&post=21234"}],"version-history":[{"count":1,"href":"https:\/\/podernacional.com\/index.php?rest_route=\/wp\/v2\/posts\/21234\/revisions"}],"predecessor-version":[{"id":21235,"href":"https:\/\/podernacional.com\/index.php?rest_route=\/wp\/v2\/posts\/21234\/revisions\/21235"}],"wp:featuredmedia":[{"embeddable":true,"href":"https:\/\/podernacional.com\/index.php?rest_route=\/wp\/v2\/media\/21236"}],"wp:attachment":[{"href":"https:\/\/podernacional.com\/index.php?rest_route=%2Fwp%2Fv2%2Fmedia&parent=21234"}],"wp:term":[{"taxonomy":"category","embeddable":true,"href":"https:\/\/podernacional.com\/index.php?rest_route=%2Fwp%2Fv2%2Fcategories&post=21234"},{"taxonomy":"post_tag","embeddable":true,"href":"https:\/\/podernacional.com\/index.php?rest_route=%2Fwp%2Fv2%2Ftags&post=21234"}],"curies":[{"name":"wp","href":"https:\/\/api.w.org\/{rel}","templated":true}]}}