{"id":21243,"date":"2024-03-23T11:19:47","date_gmt":"2024-03-23T16:19:47","guid":{"rendered":"https:\/\/podernacional.com\/?p=21243"},"modified":"2024-03-23T16:19:48","modified_gmt":"2024-03-23T16:19:48","slug":"ivan-alonso-confieza-que-cruz-azul-contemplo-la-incorporacion-de-carlos-vela","status":"publish","type":"post","link":"https:\/\/podernacional.com\/?p=21243","title":{"rendered":"Iv\u00e1n Alonso confieza que Cruz Azul contempl\u00f3 la incorporaci\u00f3n de Carlos Vela"},"content":{"rendered":"<p>Buscaron un nuevo delantero. Iv\u00e1n Alonso, director deportivo de Cruz Azul ha confirmado que la lesi\u00f3n de Gabriel \u2018Toro\u2019 Fern\u00e1ndez los llev\u00f3 a buscar un nuevo goleador en el mercado de invierno y entre las opciones estuvo Carlos Vela.<\/p>\n<p>El Toro Fern\u00e1ndez lleg\u00f3 a Cruz Azul en este mercado de invierno procedente de Pumas, como uno de los refuerzos estelares del equipo, sin embargo, tras s\u00f3lo 6 partidos y 2 goles, el delantero sufri\u00f3 una lesi\u00f3n que lo dej\u00f3 fuera toda la temporada.<\/p>\n<p>\u201cNosotros sufrimos una baja muy, pero muy importante, que fue la de Gabriel Fern\u00e1ndez jugador que era sumamente importante en el ataque. Estuvimos valorando diferentes tipos de posibilidades, y s\u00ed, pudo estar en el radar\u201d, confes\u00f3 sobre el inter\u00e9s en Carlos Vela.<\/p>\n<p>A pesar de pesar en fichar al hist\u00f3rico futbolista del LAFC, Cruz Azul opt\u00f3 por continuar adelante con la plantilla que armaron durante la temporada baja y esperar hasta verano para reforzar a\u00fan m\u00e1s el equipo.<\/p>\n<p>\u201cAl final definimos que con el plantel que ten\u00edamos quer\u00edamos tirar hasta final del torneo y ya en verano, con muchas m\u00e1s posibilidades y cartas abiertas, poder seguir reforzando al plantel de Cruz Azul\u201d, finaliz\u00f3 Alonso en entrevista para LA Times.<\/p>\n","protected":false},"excerpt":{"rendered":"<p>Buscaron un nuevo delantero. Iv\u00e1n Alonso, director deportivo de Cruz Azul ha confirmado que la lesi\u00f3n de Gabriel \u2018Toro\u2019 Fern\u00e1ndez los llev\u00f3 a buscar un nuevo goleador en el mercado de invierno y entre las opciones estuvo Carlos Vela. El Toro Fern\u00e1ndez lleg\u00f3 a Cruz Azul en este mercado de invierno procedente de Pumas, como [&hellip;]<\/p>\n","protected":false},"author":1,"featured_media":21245,"comment_status":"open","ping_status":"closed","sticky":false,"template":"","format":"standard","meta":{"footnotes":""},"categories":[3],"tags":[],"class_list":["post-21243","post","type-post","status-publish","format-standard","has-post-thumbnail","hentry","category-deportes"],"_links":{"self":[{"href":"https:\/\/podernacional.com\/index.php?rest_route=\/wp\/v2\/posts\/21243","targetHints":{"allow":["GET"]}}],"collection":[{"href":"https:\/\/podernacional.com\/index.php?rest_route=\/wp\/v2\/posts"}],"about":[{"href":"https:\/\/podernacional.com\/index.php?rest_route=\/wp\/v2\/types\/post"}],"author":[{"embeddable":true,"href":"https:\/\/podernacional.com\/index.php?rest_route=\/wp\/v2\/users\/1"}],"replies":[{"embeddable":true,"href":"https:\/\/podernacional.com\/index.php?rest_route=%2Fwp%2Fv2%2Fcomments&post=21243"}],"version-history":[{"count":1,"href":"https:\/\/podernacional.com\/index.php?rest_route=\/wp\/v2\/posts\/21243\/revisions"}],"predecessor-version":[{"id":21244,"href":"https:\/\/podernacional.com\/index.php?rest_route=\/wp\/v2\/posts\/21243\/revisions\/21244"}],"wp:featuredmedia":[{"embeddable":true,"href":"https:\/\/podernacional.com\/index.php?rest_route=\/wp\/v2\/media\/21245"}],"wp:attachment":[{"href":"https:\/\/podernacional.com\/index.php?rest_route=%2Fwp%2Fv2%2Fmedia&parent=21243"}],"wp:term":[{"taxonomy":"category","embeddable":true,"href":"https:\/\/podernacional.com\/index.php?rest_route=%2Fwp%2Fv2%2Fcategories&post=21243"},{"taxonomy":"post_tag","embeddable":true,"href":"https:\/\/podernacional.com\/index.php?rest_route=%2Fwp%2Fv2%2Ftags&post=21243"}],"curies":[{"name":"wp","href":"https:\/\/api.w.org\/{rel}","templated":true}]}}