{"id":21258,"date":"2024-03-24T17:54:53","date_gmt":"2024-03-24T22:54:53","guid":{"rendered":"https:\/\/podernacional.com\/?p=21258"},"modified":"2024-03-24T22:54:55","modified_gmt":"2024-03-24T22:54:55","slug":"cameron-diaz-se-convierte-en-mama-por-segunda-vez-a-sus-51-anos","status":"publish","type":"post","link":"https:\/\/podernacional.com\/?p=21258","title":{"rendered":"Cameron Diaz se convierte en mam\u00e1 por segunda vez a sus 51 a\u00f1os"},"content":{"rendered":"<p>Una de las actrices m\u00e1s queridas de Hollywood anunci\u00f3 el nacimiento de su segundo hijo a sus 51 a\u00f1os, se trata de Cameron Diaz, quien junto a su esposo, Benji Madden, el guitarrista de la banda Good Charlotte, le dieron la bienvenida a su beb\u00e9.<\/p>\n<p>Cabe recordar que Cameron Diaz se convirti\u00f3 en mam\u00e1 por primera vez en diciembre de 2019 cuando naci\u00f3 su hija Raddix, esto ocurri\u00f3 a trav\u00e9s de un vientre subrogado y a sus cinco a\u00f1os, la primog\u00e9nita de la actriz y el m\u00fasico se convirti\u00f3 en la hermana mayor.<\/p>\n<p>As\u00ed dio el anuncio Cameron Diaz del nacimiento de su segundo hijo<br \/>\nFue a trav\u00e9s de Instagram donde Cameron Diaz y Benji Madden decidieron hacer p\u00fablica la llegada de su segundo hijo a su familia, fue con una pintura hecha por el integrante de Good Charlotte en la que se puede leer: \u00abUna peque\u00f1a ave me susurr\u00f3\u00bb, como decidieron dar el anuncio.<\/p>\n<p>Estamos bendecidos y emocionados de anunciar el nacimiento de nuestro Hijo, Cardinal Madden \u00a1\u00c9l es incre\u00edble y todos estamos tan felices de que est\u00e9 aqu\u00ed!\u00bb<\/p>\n<p>La publicaci\u00f3n recibi\u00f3 comentarios positivos por parte de famosos como Pete Wentz bajista de Fall Out Boy, Katy Perry, Lionel Richie, Amy Griffin, entre muchos otros, que les enviaron buenos deseos en esta nueva etapa de su vida.<\/p>\n<p>\u00bfPor qu\u00e9 Cameron Diaz y Benji Madden no mostrar\u00e1n el rostro de su hijo?<br \/>\nFue en la misma publicaci\u00f3n donde Cameron Diaz y Benji Madden revelaron la raz\u00f3n de por qu\u00e9 tomaron la decisi\u00f3n de no mostrar el rostro tanto de su nuevo beb\u00e9, como de su hija Raddix:<\/p>\n<p>Por la seguridad y privacidad de los ni\u00f1os, no publicaremos ninguna foto, pero \u00e9l es un muy lindo. Nos sentimos tan bendecidos y agradecidos. Enviamos mucho amor de nuestra familia a la suya. \u00a1\u00a1Mis mejores deseos y buenas tardes!!\u00bb<\/p>\n<p>&nbsp;<\/p>\n<p>Es por este motivo que en las redes sociales de ambos no hay fotograf\u00edas de su hija, las que circulan en internet han sido tomadas por paparazzi. Asimismo, cuando se convirti\u00f3 en mam\u00e1 por primera vez, hicieron un anuncio similar en el que dieron a conocer que adem\u00e1s de no compartir im\u00e1genes de la beb\u00e9, no dar\u00edan m\u00e1s detalles del embarazo, lo cual va de la mano con el anuncio que hizo en 2014 sobre retirarse del medio para enfocarse en su familia: su esposo Benji Madde, su hija Raddix Madden Diaz y su reci\u00e9n nacido, Cardinal Madden Diaz.<\/p>\n<p>&nbsp;<\/p>\n<p>&nbsp;<\/p>\n<p>&nbsp;<\/p>\n","protected":false},"excerpt":{"rendered":"<p>Una de las actrices m\u00e1s queridas de Hollywood anunci\u00f3 el nacimiento de su segundo hijo a sus 51 a\u00f1os, se trata de Cameron Diaz, quien junto a su esposo, Benji Madden, el guitarrista de la banda Good Charlotte, le dieron la bienvenida a su beb\u00e9. Cabe recordar que Cameron Diaz se convirti\u00f3 en mam\u00e1 por [&hellip;]<\/p>\n","protected":false},"author":1,"featured_media":21260,"comment_status":"open","ping_status":"closed","sticky":false,"template":"","format":"standard","meta":{"footnotes":""},"categories":[4],"tags":[],"class_list":["post-21258","post","type-post","status-publish","format-standard","has-post-thumbnail","hentry","category-espectaculos"],"_links":{"self":[{"href":"https:\/\/podernacional.com\/index.php?rest_route=\/wp\/v2\/posts\/21258","targetHints":{"allow":["GET"]}}],"collection":[{"href":"https:\/\/podernacional.com\/index.php?rest_route=\/wp\/v2\/posts"}],"about":[{"href":"https:\/\/podernacional.com\/index.php?rest_route=\/wp\/v2\/types\/post"}],"author":[{"embeddable":true,"href":"https:\/\/podernacional.com\/index.php?rest_route=\/wp\/v2\/users\/1"}],"replies":[{"embeddable":true,"href":"https:\/\/podernacional.com\/index.php?rest_route=%2Fwp%2Fv2%2Fcomments&post=21258"}],"version-history":[{"count":1,"href":"https:\/\/podernacional.com\/index.php?rest_route=\/wp\/v2\/posts\/21258\/revisions"}],"predecessor-version":[{"id":21259,"href":"https:\/\/podernacional.com\/index.php?rest_route=\/wp\/v2\/posts\/21258\/revisions\/21259"}],"wp:featuredmedia":[{"embeddable":true,"href":"https:\/\/podernacional.com\/index.php?rest_route=\/wp\/v2\/media\/21260"}],"wp:attachment":[{"href":"https:\/\/podernacional.com\/index.php?rest_route=%2Fwp%2Fv2%2Fmedia&parent=21258"}],"wp:term":[{"taxonomy":"category","embeddable":true,"href":"https:\/\/podernacional.com\/index.php?rest_route=%2Fwp%2Fv2%2Fcategories&post=21258"},{"taxonomy":"post_tag","embeddable":true,"href":"https:\/\/podernacional.com\/index.php?rest_route=%2Fwp%2Fv2%2Ftags&post=21258"}],"curies":[{"name":"wp","href":"https:\/\/api.w.org\/{rel}","templated":true}]}}