{"id":21270,"date":"2024-03-25T10:40:12","date_gmt":"2024-03-25T15:40:12","guid":{"rendered":"https:\/\/podernacional.com\/?p=21270"},"modified":"2024-03-25T15:40:14","modified_gmt":"2024-03-25T15:40:14","slug":"no-tengo-mucha-comunicacion-drake-bell-y-josh-peck-estan-distanciados","status":"publish","type":"post","link":"https:\/\/podernacional.com\/?p=21270","title":{"rendered":"\u00abNo tengo mucha comunicaci\u00f3n\u00bb: Drake Bell y Josh Peck est\u00e1n distanciados"},"content":{"rendered":"<p>Drake Bell y Josh Peck protagonizaron la serie \u201cDrake &amp; Josh\u201d y se convirtieron en dos de los actores juveniles m\u00e1s famosos, adem\u00e1s, ambos actores mostraban tener una gran amistad y complicidad dentro del programa.<\/p>\n<p>Sin embargo, despu\u00e9s de que se terminara la serie, Drake Bell y Josh Peck se distanciaron y aunque se ha sabido que han tenido algunos problemas, que hoy ya resolvieron, los famosos siguen sin ser muy cercanos.<\/p>\n<p>\u201cCreo que definir\u00eda mi relaci\u00f3n con Josh como hermanos en la vida real. Hab\u00eda momentos en el que la pas\u00e1bamos incre\u00edble, \u00e9ramos inseparables, a veces ten\u00edamos grandes momentos juntos, pero tambi\u00e9n hab\u00eda d\u00edas cuando no quer\u00edamos ni siquiera vernos. Lo que le\u00ed sobre sus revelaciones en entrevistas y libro, habl\u00e9 con \u00e9l despu\u00e9s y tambi\u00e9n me di cuenta que \u00e9l estaba de igual forma enfrentando cosas dif\u00edciles\u201d.<\/p>\n<p>En la pl\u00e1tica, Drake Bell revel\u00f3 que en la actualidad no mantiene una comunicaci\u00f3n constante con Josh Peck.<\/p>\n<p>\u201cRealmente no tengo mucha comunicaci\u00f3n con Josh, pero s\u00ed hablo con otras personas que estuvieron en la serie, por ejemplo, soy muy amigo de Jonathan Goldstein, quien interpretaba a mi pap\u00e1; Nancy Sullivan que era mi mam\u00e1. Yvette Nicole Brown que era Helen (\u2026), pero no habl\u00f3 con Josh recurrentemente\u201d.<\/p>\n<p>As\u00ed se conocieron Drake Bell y Josh Peck<br \/>\nDrake Bell comenz\u00f3 su carrera cuando particip\u00f3 en el programa \u201cEl show de Amanda\u201d en donde conoci\u00f3 a Josh Peck.<\/p>\n<p>\u201cDrake &amp; Josh comenz\u00f3 porque en la segunda temporada de El show de Amanda, Josh Peck entr\u00f3 como parte del cast, fue ah\u00ed donde lo conoc\u00ed, ya hab\u00edamos hecho varias escenas juntos, pero Amanda y yo segu\u00edamos siendo los personajes principales, pero hubo un episodio donde se hac\u00eda una burla sobre Robert de Niro y Al Pacino, fuimos incluidos en ese sketch\u201d.<\/p>\n<p>Despu\u00e9s de realizar una escena juntos, los productores vieron que Josh y Drake ten\u00edan una gran qu\u00edmica, por lo que les surgi\u00f3 la idea de hacer un programa con ellos como protagonistas.<\/p>\n<p>\u201cEst\u00e1bamos haciendo la escena y \u00e9l me estaba haciendo re\u00edr tanto que tuvimos que hacer muchas tomas (\u2026), cuando logr\u00e9 controlarme y terminamos la escena, fue cuando me di cuenta: \u2018aqu\u00ed est\u00e1, mi dupla ideal, esos d\u00faos de comedia con los que crec\u00ed\u2019. A partir de ah\u00ed los productores y escritores comenzaron a notar nuestra qu\u00edmica, nos pon\u00edan juntos cada vez m\u00e1s. Despu\u00e9s de eso se acercaron a nosotros para preguntarnos si quer\u00edamos tener nuestro propio programa con un formato de comedia. Yo no dud\u00e9 un momento en decir que s\u00ed\u201d.<\/p>\n<p>&nbsp;<\/p>\n<p>&nbsp;<\/p>\n","protected":false},"excerpt":{"rendered":"<p>Drake Bell y Josh Peck protagonizaron la serie \u201cDrake &amp; Josh\u201d y se convirtieron en dos de los actores juveniles m\u00e1s famosos, adem\u00e1s, ambos actores mostraban tener una gran amistad y complicidad dentro del programa. Sin embargo, despu\u00e9s de que se terminara la serie, Drake Bell y Josh Peck se distanciaron y aunque se ha [&hellip;]<\/p>\n","protected":false},"author":1,"featured_media":21272,"comment_status":"open","ping_status":"closed","sticky":false,"template":"","format":"standard","meta":{"footnotes":""},"categories":[4],"tags":[],"class_list":["post-21270","post","type-post","status-publish","format-standard","has-post-thumbnail","hentry","category-espectaculos"],"_links":{"self":[{"href":"https:\/\/podernacional.com\/index.php?rest_route=\/wp\/v2\/posts\/21270","targetHints":{"allow":["GET"]}}],"collection":[{"href":"https:\/\/podernacional.com\/index.php?rest_route=\/wp\/v2\/posts"}],"about":[{"href":"https:\/\/podernacional.com\/index.php?rest_route=\/wp\/v2\/types\/post"}],"author":[{"embeddable":true,"href":"https:\/\/podernacional.com\/index.php?rest_route=\/wp\/v2\/users\/1"}],"replies":[{"embeddable":true,"href":"https:\/\/podernacional.com\/index.php?rest_route=%2Fwp%2Fv2%2Fcomments&post=21270"}],"version-history":[{"count":1,"href":"https:\/\/podernacional.com\/index.php?rest_route=\/wp\/v2\/posts\/21270\/revisions"}],"predecessor-version":[{"id":21271,"href":"https:\/\/podernacional.com\/index.php?rest_route=\/wp\/v2\/posts\/21270\/revisions\/21271"}],"wp:featuredmedia":[{"embeddable":true,"href":"https:\/\/podernacional.com\/index.php?rest_route=\/wp\/v2\/media\/21272"}],"wp:attachment":[{"href":"https:\/\/podernacional.com\/index.php?rest_route=%2Fwp%2Fv2%2Fmedia&parent=21270"}],"wp:term":[{"taxonomy":"category","embeddable":true,"href":"https:\/\/podernacional.com\/index.php?rest_route=%2Fwp%2Fv2%2Fcategories&post=21270"},{"taxonomy":"post_tag","embeddable":true,"href":"https:\/\/podernacional.com\/index.php?rest_route=%2Fwp%2Fv2%2Ftags&post=21270"}],"curies":[{"name":"wp","href":"https:\/\/api.w.org\/{rel}","templated":true}]}}