{"id":21276,"date":"2024-03-25T11:32:42","date_gmt":"2024-03-25T16:32:42","guid":{"rendered":"https:\/\/podernacional.com\/?p=21276"},"modified":"2024-03-25T16:32:45","modified_gmt":"2024-03-25T16:32:45","slug":"la-gente-ya-no-sonrie-honran-la-memoria-de-las-victimas-en-moscu","status":"publish","type":"post","link":"https:\/\/podernacional.com\/?p=21276","title":{"rendered":"\u2018La gente ya no sonr\u00ede\u2019: Honran la memoria de las v\u00edctimas en Mosc\u00fa"},"content":{"rendered":"<p>MOSC\u00da.\u2014 Rusia vivi\u00f3 ayer una jornada de duelo nacional tras la matanza en una sala de conciertos en las afueras de Mosc\u00fa que dej\u00f3 m\u00e1s de 137 muertos, en el ataque m\u00e1s mort\u00edfero en Europa reivindicado por el grupo Estado Isl\u00e1mico. Las autoridades rusas siguen sin mencionar la reivindicaci\u00f3n del grupo yihadista del atentado contra la sala de conciertos Crocus City Hall y el s\u00e1bado se\u00f1alaron la existencia de una trama relacionada con Ucrania.<\/p>\n<p>Los investigadores actualizaron ayer el balance de fallecidos, que pas\u00f3 de 133 a 137 muertos, incluyendo tres ni\u00f1os.<\/p>\n<p>El balance podr\u00eda aumentar ya que los rescatistas siguen buscando entre los escombros del edificio, incendiado por los atacantes. Adem\u00e1s hay 182 heridos, 101 hospitalizados y 40 est\u00e1n en estado cr\u00edtico. \u201cLa gente ya no sonr\u00ede, ya no hay alegr\u00eda\u201d, declar\u00f3 Valentina Karenina, oriunda de Siberia pero de paso en Mosc\u00fa, que fue a encender una vela a una iglesia cerca de la famosa Plaza Roja, hoy cerrada al p\u00fablico.<\/p>\n<p>Los cuatro supuestos autores materiales del ataque fueron puestos en detenci\u00f3n provisional tras su comparecencia ante un tribunal de la capital rusa.<\/p>\n<p>Asimismo, perpetradores del atentado est\u00e1n acusados de \u201cterrorismo\u201d y se enfrentan a penas de cadena perpetua, indic\u00f3 el tribunal de Basmanny de Mosc\u00fa en un comunicado.<\/p>\n<p>Su detenci\u00f3n preventiva, fijada hasta el 22 de mayo, podr\u00e1 ser prolongada a la espera de su juicio, cuya fecha a\u00fan no ha sido decidida.<\/p>\n<p>Los museos y teatros de Mosc\u00fa anunciaron que permanecer\u00e1n cerrados el fin de semana, y los restaurantes de la capital prometieron donar parte de sus ganancias de ayer a los familiares de las v\u00edctimas.<\/p>\n<p>El grupo yihadista, que Rusia combate en Siria y est\u00e1 presente en el C\u00e1ucaso ruso, cometi\u00f3 ya atentados en el pa\u00eds desde finales de los a\u00f1os 2010.<\/p>\n<p>Por otro lado, tras los se\u00f1alamientos del presidente ruso, Vladimir Putin, sobre un posible v\u00ednculo de los terroristas con Ucrania, EU asegur\u00f3 que son suposiciones falsas.<\/p>\n<p>El Estado Islamico es el \u00fanico responsable de este ataque. No hubo participaci\u00f3n alguna de Ucrania\u201d, dijo la portavoz del Consejo de Seguridad Nacional de la Casa Blanca, Adrienne Watson.<\/p>\n","protected":false},"excerpt":{"rendered":"<p>MOSC\u00da.\u2014 Rusia vivi\u00f3 ayer una jornada de duelo nacional tras la matanza en una sala de conciertos en las afueras de Mosc\u00fa que dej\u00f3 m\u00e1s de 137 muertos, en el ataque m\u00e1s mort\u00edfero en Europa reivindicado por el grupo Estado Isl\u00e1mico. Las autoridades rusas siguen sin mencionar la reivindicaci\u00f3n del grupo yihadista del atentado contra [&hellip;]<\/p>\n","protected":false},"author":1,"featured_media":21278,"comment_status":"open","ping_status":"closed","sticky":false,"template":"","format":"standard","meta":{"footnotes":""},"categories":[5],"tags":[],"class_list":["post-21276","post","type-post","status-publish","format-standard","has-post-thumbnail","hentry","category-internacional"],"_links":{"self":[{"href":"https:\/\/podernacional.com\/index.php?rest_route=\/wp\/v2\/posts\/21276","targetHints":{"allow":["GET"]}}],"collection":[{"href":"https:\/\/podernacional.com\/index.php?rest_route=\/wp\/v2\/posts"}],"about":[{"href":"https:\/\/podernacional.com\/index.php?rest_route=\/wp\/v2\/types\/post"}],"author":[{"embeddable":true,"href":"https:\/\/podernacional.com\/index.php?rest_route=\/wp\/v2\/users\/1"}],"replies":[{"embeddable":true,"href":"https:\/\/podernacional.com\/index.php?rest_route=%2Fwp%2Fv2%2Fcomments&post=21276"}],"version-history":[{"count":1,"href":"https:\/\/podernacional.com\/index.php?rest_route=\/wp\/v2\/posts\/21276\/revisions"}],"predecessor-version":[{"id":21277,"href":"https:\/\/podernacional.com\/index.php?rest_route=\/wp\/v2\/posts\/21276\/revisions\/21277"}],"wp:featuredmedia":[{"embeddable":true,"href":"https:\/\/podernacional.com\/index.php?rest_route=\/wp\/v2\/media\/21278"}],"wp:attachment":[{"href":"https:\/\/podernacional.com\/index.php?rest_route=%2Fwp%2Fv2%2Fmedia&parent=21276"}],"wp:term":[{"taxonomy":"category","embeddable":true,"href":"https:\/\/podernacional.com\/index.php?rest_route=%2Fwp%2Fv2%2Fcategories&post=21276"},{"taxonomy":"post_tag","embeddable":true,"href":"https:\/\/podernacional.com\/index.php?rest_route=%2Fwp%2Fv2%2Ftags&post=21276"}],"curies":[{"name":"wp","href":"https:\/\/api.w.org\/{rel}","templated":true}]}}