{"id":21285,"date":"2024-03-26T10:44:51","date_gmt":"2024-03-26T15:44:51","guid":{"rendered":"https:\/\/podernacional.com\/?p=21285"},"modified":"2024-03-26T15:44:53","modified_gmt":"2024-03-26T15:44:53","slug":"anne-hathaway-revela-que-tuvo-un-aborto-espontaneo","status":"publish","type":"post","link":"https:\/\/podernacional.com\/?p=21285","title":{"rendered":"Anne Hathaway revela que tuvo un aborto espont\u00e1neo"},"content":{"rendered":"<p>Anne Hathaway, la renombrada actriz ganadora de un Oscar y aclamada por sus roles en pel\u00edculas como Los Miserables y El diablo se viste a la moda, ha compartido una parte profundamente personal de su vida en una reciente entrevista con Vanity Fair.<\/p>\n<p>A los 41 a\u00f1os, Hathaway revel\u00f3 que sufri\u00f3 un aborto espont\u00e1neo antes de tener a sus hijos con su esposo, Adam Shulman. Esta confesi\u00f3n llega en un momento en que la conversaci\u00f3n en torno a la fertilidad y la maternidad se est\u00e1 abriendo paso en el discurso p\u00fablico, con m\u00e1s mujeres en el ojo p\u00fablico compartiendo sus experiencias.<\/p>\n<p>\u00abPara todas las que est\u00e1n pasando por el infierno de la infertilidad y la concepci\u00f3n, sepan que no fue una l\u00ednea recta hacia ninguno de mis embarazos\u00bb, declar\u00f3 Hathaway, enviando un mensaje de empat\u00eda y comprensi\u00f3n a mujeres de todo el mundo que enfrentan luchas similares.<\/p>\n<p>La actriz se adentr\u00f3 en la complejidad emocional de querer compartir su alegr\u00eda sobre el embarazo, mientras era plenamente consciente de que el camino hacia la maternidad puede estar lleno de obst\u00e1culos y desaf\u00edos.<\/p>\n<p>El aborto espont\u00e1neo ocurri\u00f3 en 2015, un per\u00edodo durante el cual Hathaway estaba inmersa en la obra de teatro Grounded, interpretando a una piloto de combate cuya vida cambia dr\u00e1sticamente despu\u00e9s de un embarazo inesperado.<\/p>\n<p>\u00abEstaba haciendo una obra de teatro y ten\u00eda que dar a luz en el escenario todas las noches\u00bb, comparti\u00f3 Hathaway, describiendo la iron\u00eda dolorosa de su situaci\u00f3n y la dificultad de mantener en secreto su p\u00e9rdida personal mientras representaba la ficci\u00f3n de la felicidad y el nacimiento en el escenario.<\/p>\n<p>La honestidad de Hathaway sobre su experiencia busca ofrecer consuelo y solidaridad a quienes han sentido la soledad y el aislamiento que a menudo acompa\u00f1a a la infertilidad y la p\u00e9rdida.<\/p>\n<p>\u00abEs muy dif\u00edcil desear tanto algo y preguntarse si est\u00e1s haciendo algo mal\u00bb, expres\u00f3, tocando el coraz\u00f3n de una lucha que muchas mujeres conocen demasiado bien.<\/p>\n<p>Ahora madre de dos hijos, Jonathan, de 8 a\u00f1os, y Jack, de 4, Hathaway ha hablado anteriormente sobre las complejidades de la maternidad y la imagen a menudo unidimensional que se presenta en la sociedad. En una entrevista con WSJ en marzo de 2022, Hathaway reflexion\u00f3 sobre la importancia de reconocer y compartir el dolor junto con la alegr\u00eda, afirmando que conocer las experiencias de los dem\u00e1s puede ser una fuente de consuelo y conexi\u00f3n.<\/p>\n<p>&nbsp;<\/p>\n<p>&nbsp;<\/p>\n","protected":false},"excerpt":{"rendered":"<p>Anne Hathaway, la renombrada actriz ganadora de un Oscar y aclamada por sus roles en pel\u00edculas como Los Miserables y El diablo se viste a la moda, ha compartido una parte profundamente personal de su vida en una reciente entrevista con Vanity Fair. A los 41 a\u00f1os, Hathaway revel\u00f3 que sufri\u00f3 un aborto espont\u00e1neo antes [&hellip;]<\/p>\n","protected":false},"author":1,"featured_media":21287,"comment_status":"open","ping_status":"closed","sticky":false,"template":"","format":"standard","meta":{"footnotes":""},"categories":[4],"tags":[],"class_list":["post-21285","post","type-post","status-publish","format-standard","has-post-thumbnail","hentry","category-espectaculos"],"_links":{"self":[{"href":"https:\/\/podernacional.com\/index.php?rest_route=\/wp\/v2\/posts\/21285","targetHints":{"allow":["GET"]}}],"collection":[{"href":"https:\/\/podernacional.com\/index.php?rest_route=\/wp\/v2\/posts"}],"about":[{"href":"https:\/\/podernacional.com\/index.php?rest_route=\/wp\/v2\/types\/post"}],"author":[{"embeddable":true,"href":"https:\/\/podernacional.com\/index.php?rest_route=\/wp\/v2\/users\/1"}],"replies":[{"embeddable":true,"href":"https:\/\/podernacional.com\/index.php?rest_route=%2Fwp%2Fv2%2Fcomments&post=21285"}],"version-history":[{"count":1,"href":"https:\/\/podernacional.com\/index.php?rest_route=\/wp\/v2\/posts\/21285\/revisions"}],"predecessor-version":[{"id":21286,"href":"https:\/\/podernacional.com\/index.php?rest_route=\/wp\/v2\/posts\/21285\/revisions\/21286"}],"wp:featuredmedia":[{"embeddable":true,"href":"https:\/\/podernacional.com\/index.php?rest_route=\/wp\/v2\/media\/21287"}],"wp:attachment":[{"href":"https:\/\/podernacional.com\/index.php?rest_route=%2Fwp%2Fv2%2Fmedia&parent=21285"}],"wp:term":[{"taxonomy":"category","embeddable":true,"href":"https:\/\/podernacional.com\/index.php?rest_route=%2Fwp%2Fv2%2Fcategories&post=21285"},{"taxonomy":"post_tag","embeddable":true,"href":"https:\/\/podernacional.com\/index.php?rest_route=%2Fwp%2Fv2%2Ftags&post=21285"}],"curies":[{"name":"wp","href":"https:\/\/api.w.org\/{rel}","templated":true}]}}