{"id":21288,"date":"2024-03-26T11:07:38","date_gmt":"2024-03-26T16:07:38","guid":{"rendered":"https:\/\/podernacional.com\/?p=21288"},"modified":"2024-03-26T16:07:40","modified_gmt":"2024-03-26T16:07:40","slug":"amlo-afirma-que-la-migracion-en-frontera-mexico-ee-uu-ha-caido-54-8","status":"publish","type":"post","link":"https:\/\/podernacional.com\/?p=21288","title":{"rendered":"AMLO afirma que la migraci\u00f3n en frontera M\u00e9xico-EE.UU. ha ca\u00eddo 54.8 %"},"content":{"rendered":"<p>El presidente de M\u00e9xico, Andr\u00e9s Manuel L\u00f3pez Obrador, asever\u00f3 este martes que la migraci\u00f3n en la frontera con Estados Unidos se ha reducido en 54.8 por ciento en los \u00faltimos tres meses.<\/p>\n<p>(El flujo migratorio) se ha reducido a la mitad\u201d, apunt\u00f3 el mandatario durante su rueda de prensa matutina.<\/p>\n<p>El gobernante mexicano respald\u00f3 sus declaraciones con una gr\u00e1fica que asegur\u00f3 que, mientras al 18 de diciembre pasado la Oficina de Aduanas y Protecci\u00f3n Fronteriza (CBP, en ingl\u00e9s) report\u00f3 12 mil 498 encuentros en la frontera norte del pa\u00eds, para el 21 de marzo el n\u00famero descendi\u00f3 a 5 mil 645 encuentros.<\/p>\n<p>\u201cSe ha avanzado, pero falta y hemos ayudado mucho con todos los apoyos que se brindan a pa\u00edses de Centroam\u00e9rica y el Caribe. Si vemos la \u00faltima gr\u00e1fica de migrantes en la frontera norte, tuvimos una crisis y ya ayud\u00f3 bajando el n\u00famero de migrantes\u201d, enfatiz\u00f3.<\/p>\n<p>L\u00f3pez Obrador atribuy\u00f3 este descenso migratorio, seg\u00fan \u00e9l, a sus programas sociales como J\u00f3venes Construyendo el Futuro, de aprendices profesionales, y Sembrando Vida, para campesinos.<\/p>\n<p>Asimismo, reconoci\u00f3 las pol\u00edticas migratorias del presidente estadounidense, Joe Biden, porque ha abierto, seg\u00fan L\u00f3pez Obrador, una v\u00eda para los que quieran ingresar legalmente a trabajar a aquel pa\u00eds.<\/p>\n<p>\u201cSe mantiene la entrega de visas temporales de trabajo o aceptaci\u00f3n a Estados Unidos de quienes quieren ir a trabajar a Estados Unidos que, dicho sea de paso, tambi\u00e9n necesitan fuerza de trabajo\u201d, enfatiz\u00f3.<\/p>\n<p>Reiter\u00f3 que ya firm\u00f3 un acuerdo con Colombia y Ecuador como el que ya pact\u00f3 con Venezuela con el que otorga 110 d\u00f3lares mensuales a migrantes devueltos a su pa\u00eds bajo programas sociales, en los que podr\u00edan participar empresas mexicanas como Bimbo, aunque no especific\u00f3 la fecha de su entrada en vigor.<\/p>\n<p>\u201cSe est\u00e1 hablando con ellos para que los (migrantes) que se env\u00eden, si esas empresas tienen plantas, que nos ayuden\u201d, dijo.<\/p>\n<p>Las cifras de L\u00f3pez Obrador se dan en medio de los in\u00e9ditos flujos migratorios en Norteam\u00e9rica, donde la migraci\u00f3n irregular detectada por M\u00e9xico subi\u00f3 un 77 por ciento en 2023 hasta superar las 782 mil personas, seg\u00fan la Unidad de Pol\u00edtica Migratoria de la Secretar\u00eda de Gobernaci\u00f3n.<\/p>\n<p>Mientras que la Oficina de Aduanas y Protecci\u00f3n Fronteriza de Estados Unidos (CBP, por sus siglas en ingl\u00e9s), divulg\u00f3 la semana pasada que en febrero detuvo a 140 mil 644 migrantes en la frontera con M\u00e9xico, unos 16 mil m\u00e1s que en enero.<\/p>\n","protected":false},"excerpt":{"rendered":"<p>El presidente de M\u00e9xico, Andr\u00e9s Manuel L\u00f3pez Obrador, asever\u00f3 este martes que la migraci\u00f3n en la frontera con Estados Unidos se ha reducido en 54.8 por ciento en los \u00faltimos tres meses. (El flujo migratorio) se ha reducido a la mitad\u201d, apunt\u00f3 el mandatario durante su rueda de prensa matutina. El gobernante mexicano respald\u00f3 sus [&hellip;]<\/p>\n","protected":false},"author":1,"featured_media":21290,"comment_status":"open","ping_status":"closed","sticky":false,"template":"","format":"standard","meta":{"footnotes":""},"categories":[7],"tags":[],"class_list":["post-21288","post","type-post","status-publish","format-standard","has-post-thumbnail","hentry","category-nacional"],"_links":{"self":[{"href":"https:\/\/podernacional.com\/index.php?rest_route=\/wp\/v2\/posts\/21288","targetHints":{"allow":["GET"]}}],"collection":[{"href":"https:\/\/podernacional.com\/index.php?rest_route=\/wp\/v2\/posts"}],"about":[{"href":"https:\/\/podernacional.com\/index.php?rest_route=\/wp\/v2\/types\/post"}],"author":[{"embeddable":true,"href":"https:\/\/podernacional.com\/index.php?rest_route=\/wp\/v2\/users\/1"}],"replies":[{"embeddable":true,"href":"https:\/\/podernacional.com\/index.php?rest_route=%2Fwp%2Fv2%2Fcomments&post=21288"}],"version-history":[{"count":1,"href":"https:\/\/podernacional.com\/index.php?rest_route=\/wp\/v2\/posts\/21288\/revisions"}],"predecessor-version":[{"id":21289,"href":"https:\/\/podernacional.com\/index.php?rest_route=\/wp\/v2\/posts\/21288\/revisions\/21289"}],"wp:featuredmedia":[{"embeddable":true,"href":"https:\/\/podernacional.com\/index.php?rest_route=\/wp\/v2\/media\/21290"}],"wp:attachment":[{"href":"https:\/\/podernacional.com\/index.php?rest_route=%2Fwp%2Fv2%2Fmedia&parent=21288"}],"wp:term":[{"taxonomy":"category","embeddable":true,"href":"https:\/\/podernacional.com\/index.php?rest_route=%2Fwp%2Fv2%2Fcategories&post=21288"},{"taxonomy":"post_tag","embeddable":true,"href":"https:\/\/podernacional.com\/index.php?rest_route=%2Fwp%2Fv2%2Ftags&post=21288"}],"curies":[{"name":"wp","href":"https:\/\/api.w.org\/{rel}","templated":true}]}}