{"id":21297,"date":"2024-03-27T10:37:05","date_gmt":"2024-03-27T15:37:05","guid":{"rendered":"https:\/\/podernacional.com\/?p=21297"},"modified":"2024-03-27T15:37:07","modified_gmt":"2024-03-27T15:37:07","slug":"alemania-se-declara-lista-para-recibir-eurocopa-2024-con-nuevo-triunfo","status":"publish","type":"post","link":"https:\/\/podernacional.com\/?p=21297","title":{"rendered":"Alemania se declara lista para recibir Eurocopa 2024 con nuevo triunfo"},"content":{"rendered":"<p>Alemania bati\u00f3 2-1 a Pa\u00edses Bajos, en Frankfurt, y confirm\u00f3 su recuperaci\u00f3n, tres d\u00edas despu\u00e9s de haber derrotado a Francia (2-0), dos triunfos de prestigio a tres meses de la Eurocopa que jugar\u00e1 como anfitriona.<\/p>\n<p>Por detr\u00e1s en el marcador desde el minuto cuatro tras una volea de Joey Veerman, los jugadores dirigidos por Julian Nagelsmann remontaron gracias a Maximilian Mittelst\u00e4dt (11) y Niclas F\u00fcllkrug (85).<\/p>\n<p>El duelo empez\u00f3 de la peor de las maneras para Alemania ante los casi 50,000 espectadores del Waldstadion de Frankfurt, donde la Mannschaft desafiar\u00e1 a Suiza en su \u00faltimo partido de la fase de grupos de la Eurocopa, el 26 de junio.<\/p>\n<p>En un mal pase de Maximilian Mittelst\u00e4dt, Memphis Depay gan\u00f3 su duelo con Jonathan Tah y sirvi\u00f3 a Joey Veerman, cuyo remate de volea no dej\u00f3 ninguna opci\u00f3n al arquero Marc-Andr\u00e9 ter Stegen.<\/p>\n<p>Por detr\u00e1s en el marcador, Alemania se hizo con la posesi\u00f3n y empat\u00f3 por medio de Mittelst\u00e4dt, que se hizo perdonar su error en el tanto neerland\u00e9s, al aprovechar un pase de Jamal Musiala.<\/p>\n<p>Fluido en la construcci\u00f3n del juego y en las combinaciones, los alemanes no fueron capaces de marcar el segundo en la primera parte a pesar de su dominio.<\/p>\n<p>Con el impulso de Musiala en el \u00faltimo cuarto de hora, el equipo local se volc\u00f3 en la porter\u00eda visitante y finalmente logr\u00f3 la victoria.<\/p>\n<p>En un c\u00f3rner lanzado por Toni Kroos, cuyo regreso a la selecci\u00f3n tras m\u00e1s de 1.000 d\u00edas retirado no ha podido ser m\u00e1s exitoso, F\u00fcllkrug remat\u00f3 de cabeza y despej\u00f3 un defensa neerland\u00e9s, pero por detr\u00e1s de la l\u00ednea de gol, solo por unos mil\u00edmetros.<\/p>\n<p>Nagelsmann, que repiti\u00f3 el once de la victoria ante Francia, tiene todav\u00eda dos partidos de preparaci\u00f3n antes de la Eurocopa, contra Ucrania, que logr\u00f3 su pase este mi\u00e9rcoles en la repesca ante Islandia, el 3 de junio y ante Grecia, no clasificada, tres d\u00edas despu\u00e9s.<\/p>\n<p>&nbsp;<\/p>\n","protected":false},"excerpt":{"rendered":"<p>Alemania bati\u00f3 2-1 a Pa\u00edses Bajos, en Frankfurt, y confirm\u00f3 su recuperaci\u00f3n, tres d\u00edas despu\u00e9s de haber derrotado a Francia (2-0), dos triunfos de prestigio a tres meses de la Eurocopa que jugar\u00e1 como anfitriona. Por detr\u00e1s en el marcador desde el minuto cuatro tras una volea de Joey Veerman, los jugadores dirigidos por Julian [&hellip;]<\/p>\n","protected":false},"author":1,"featured_media":21299,"comment_status":"open","ping_status":"closed","sticky":false,"template":"","format":"standard","meta":{"footnotes":""},"categories":[3],"tags":[],"class_list":["post-21297","post","type-post","status-publish","format-standard","has-post-thumbnail","hentry","category-deportes"],"_links":{"self":[{"href":"https:\/\/podernacional.com\/index.php?rest_route=\/wp\/v2\/posts\/21297","targetHints":{"allow":["GET"]}}],"collection":[{"href":"https:\/\/podernacional.com\/index.php?rest_route=\/wp\/v2\/posts"}],"about":[{"href":"https:\/\/podernacional.com\/index.php?rest_route=\/wp\/v2\/types\/post"}],"author":[{"embeddable":true,"href":"https:\/\/podernacional.com\/index.php?rest_route=\/wp\/v2\/users\/1"}],"replies":[{"embeddable":true,"href":"https:\/\/podernacional.com\/index.php?rest_route=%2Fwp%2Fv2%2Fcomments&post=21297"}],"version-history":[{"count":1,"href":"https:\/\/podernacional.com\/index.php?rest_route=\/wp\/v2\/posts\/21297\/revisions"}],"predecessor-version":[{"id":21298,"href":"https:\/\/podernacional.com\/index.php?rest_route=\/wp\/v2\/posts\/21297\/revisions\/21298"}],"wp:featuredmedia":[{"embeddable":true,"href":"https:\/\/podernacional.com\/index.php?rest_route=\/wp\/v2\/media\/21299"}],"wp:attachment":[{"href":"https:\/\/podernacional.com\/index.php?rest_route=%2Fwp%2Fv2%2Fmedia&parent=21297"}],"wp:term":[{"taxonomy":"category","embeddable":true,"href":"https:\/\/podernacional.com\/index.php?rest_route=%2Fwp%2Fv2%2Fcategories&post=21297"},{"taxonomy":"post_tag","embeddable":true,"href":"https:\/\/podernacional.com\/index.php?rest_route=%2Fwp%2Fv2%2Ftags&post=21297"}],"curies":[{"name":"wp","href":"https:\/\/api.w.org\/{rel}","templated":true}]}}