{"id":21306,"date":"2024-03-27T12:59:04","date_gmt":"2024-03-27T17:59:04","guid":{"rendered":"https:\/\/podernacional.com\/?p=21306"},"modified":"2024-03-27T17:59:05","modified_gmt":"2024-03-27T17:59:05","slug":"rusia-dice-que-es-dificil-creer-que-estado-islamico-haya-lanzado-ataque-de-moscu","status":"publish","type":"post","link":"https:\/\/podernacional.com\/?p=21306","title":{"rendered":"Rusia dice que es dif\u00edcil creer que Estado Isl\u00e1mico haya lanzado ataque de Mosc\u00fa"},"content":{"rendered":"<p>Es \u201cextremadamente dif\u00edcil de creer\u201d que el Estado Isl\u00e1mico haya tenido la capacidad de lanzar el ataque contra una sala de conciertos de Mosc\u00fa la semana pasada en el que murieron al menos 140 personas, dijo el mi\u00e9rcoles la portavoz del Ministerio de Asuntos Exteriores ruso, Maria Zakharova.<\/p>\n<p>En una reuni\u00f3n informativa con periodistas, Zakharova reiter\u00f3 las afirmaciones de Mosc\u00fa, de las que a\u00fan no ha aportado pruebas, de que Ucrania estuvo detr\u00e1s del ataque contra el Crocus City Hall, el m\u00e1s letal que ha sufrido Rusia en 20 a\u00f1os.<\/p>\n<p>Estado Isl\u00e1mico reivindic\u00f3 la autor\u00eda de la masacre y las autoridades estadounidenses afirman disponer de informaci\u00f3n de inteligencia que demuestra que fue llevada a cabo por la rama afgana de la red, Estado Isl\u00e1mico Joras\u00e1n. Ucrania ha negado repetidamente haber tenido nada que ver con el ataque.<\/p>\n<p>Pero Zakharova dijo que Occidente se hab\u00eda apresurado a atribuir la responsabilidad al EI, tambi\u00e9n conocido como ISIS, como una forma de desviar la culpa de Ucrania y los gobiernos que la apoyan.<\/p>\n<p>\u201cPara alejar las sospechas del Occidente colectivo, necesitaban urgentemente inventar algo, as\u00ed que recurrieron a ISIS, sacaron un as de la manga y, literalmente, pocas horas despu\u00e9s del ataque terrorista, los medios anglosajones empezaron a difundir precisamente estas versiones\u201d, dijo.<\/p>\n<p>El presidente Vladimir Putin ha dicho que el ataque fue perpetrado por militantes islamistas, pero ha sugerido que fue en beneficio de Ucrania y que Kiev pudo haber desempe\u00f1ado un papel.<\/p>\n<p>Ha dicho que alguien del lado ucraniano hab\u00eda preparado una \u201cventana\u201d para que los hombres armados escaparan a trav\u00e9s de la frontera antes de ser capturados en el oeste de Rusia el viernes por la noche.<\/p>\n<p>El martes, sin embargo, el l\u00edder Alexander Lukashenko declar\u00f3 que los hombres armados hab\u00edan intentado inicialmente cruzar a Bielorrusia antes de dar media vuelta y dirigirse a Ucrania cuando se dieron cuenta de que los pasos al pa\u00eds hab\u00edan sido sellados.<\/p>\n<p>El director de la agencia de seguridad rusa FSB declar\u00f3 el martes que cre\u00eda que Ucrania, junto con Estados Unidos y Reino Unido, estaban implicados en el ataque.<\/p>\n<p>El ministro de Asuntos Exteriores brit\u00e1nico, David Cameron, respondi\u00f3 en X: \u201cLas afirmaciones de Rusia sobre Occidente y Ucrania en el ataque del Crocus City Hall son un completo disparate\u201d.<\/p>\n","protected":false},"excerpt":{"rendered":"<p>Es \u201cextremadamente dif\u00edcil de creer\u201d que el Estado Isl\u00e1mico haya tenido la capacidad de lanzar el ataque contra una sala de conciertos de Mosc\u00fa la semana pasada en el que murieron al menos 140 personas, dijo el mi\u00e9rcoles la portavoz del Ministerio de Asuntos Exteriores ruso, Maria Zakharova. En una reuni\u00f3n informativa con periodistas, Zakharova [&hellip;]<\/p>\n","protected":false},"author":1,"featured_media":21308,"comment_status":"open","ping_status":"closed","sticky":false,"template":"","format":"standard","meta":{"footnotes":""},"categories":[5],"tags":[],"class_list":["post-21306","post","type-post","status-publish","format-standard","has-post-thumbnail","hentry","category-internacional"],"_links":{"self":[{"href":"https:\/\/podernacional.com\/index.php?rest_route=\/wp\/v2\/posts\/21306","targetHints":{"allow":["GET"]}}],"collection":[{"href":"https:\/\/podernacional.com\/index.php?rest_route=\/wp\/v2\/posts"}],"about":[{"href":"https:\/\/podernacional.com\/index.php?rest_route=\/wp\/v2\/types\/post"}],"author":[{"embeddable":true,"href":"https:\/\/podernacional.com\/index.php?rest_route=\/wp\/v2\/users\/1"}],"replies":[{"embeddable":true,"href":"https:\/\/podernacional.com\/index.php?rest_route=%2Fwp%2Fv2%2Fcomments&post=21306"}],"version-history":[{"count":1,"href":"https:\/\/podernacional.com\/index.php?rest_route=\/wp\/v2\/posts\/21306\/revisions"}],"predecessor-version":[{"id":21307,"href":"https:\/\/podernacional.com\/index.php?rest_route=\/wp\/v2\/posts\/21306\/revisions\/21307"}],"wp:featuredmedia":[{"embeddable":true,"href":"https:\/\/podernacional.com\/index.php?rest_route=\/wp\/v2\/media\/21308"}],"wp:attachment":[{"href":"https:\/\/podernacional.com\/index.php?rest_route=%2Fwp%2Fv2%2Fmedia&parent=21306"}],"wp:term":[{"taxonomy":"category","embeddable":true,"href":"https:\/\/podernacional.com\/index.php?rest_route=%2Fwp%2Fv2%2Fcategories&post=21306"},{"taxonomy":"post_tag","embeddable":true,"href":"https:\/\/podernacional.com\/index.php?rest_route=%2Fwp%2Fv2%2Ftags&post=21306"}],"curies":[{"name":"wp","href":"https:\/\/api.w.org\/{rel}","templated":true}]}}