{"id":21315,"date":"2024-03-28T10:54:46","date_gmt":"2024-03-28T15:54:46","guid":{"rendered":"https:\/\/podernacional.com\/?p=21315"},"modified":"2024-03-28T15:54:47","modified_gmt":"2024-03-28T15:54:47","slug":"edgar-oceransky-deja-su-cuenta-de-x-no-estoy-de-acuerdo-con-la-violencia-que-se-maneja","status":"publish","type":"post","link":"https:\/\/podernacional.com\/?p=21315","title":{"rendered":"Edgar Oceransky deja su cuenta de \u00abX\u00bb: \u00abNo estoy de acuerdo con la violencia que se maneja\u00bb"},"content":{"rendered":"<p>El cantante Edgar Oceransky dice que no usar\u00e1 m\u00e1s su cuenta de X, antes Twitter, debido a la violencia que ha enfrentado en esa red social, pues hay usuarias y usuarios que lo cuestionan debido a las acusaciones de acoso sexual que enfrenta desde 2022, \u00e9poca en que se difundieron videos donde se le puede escuchar emitir comentarios tales como que ten\u00eda un gusto por j\u00f3venes menores de edad.<\/p>\n<p>En 2022, la activista Anhel\u00e9 S\u00e1nchez expuso los comentarios que Oceranksy hizo en uno de sus shows, en los que hac\u00eda referencia a su atracci\u00f3n por menores de edad.<\/p>\n<p>Esto sucedi\u00f3 d\u00edas despu\u00e9s de que el cantante anunciara el concierto que ofrecer\u00eda en el Auditorio Nacional, el que fue cancelado luego de que se publicara las pruebas de las que Anhel\u00e9 hac\u00eda referencia; Oceransky argument\u00f3 que sus comentarios no se trataban m\u00e1s que de una \u00abbroma\u00bb, parte de un sketch que hab\u00eda realizado.<\/p>\n<p>A ra\u00edz de esta cancelaci\u00f3n, el compositor de 48 a\u00f1os se\u00f1al\u00f3 a S\u00e1nchez como la responsable de impulsar una \u00abcampa\u00f1a de desprestigio\u00bb en su contra que fue exaltada en redes sociales y fue entonces que demand\u00f3 a la joven por da\u00f1o moral.<\/p>\n<p>Como resultado, el m\u00fasico public\u00f3 en los recientes d\u00edas un comunicado donde se aseguraba que el Tribunal Superior de Justicia de la CDMX fall\u00f3 a su favor -el 13 de marzo pasado- por ser da\u00f1ado moralmente, motivo por el que recibir\u00eda una indemnizaci\u00f3n econ\u00f3mica por parte de Anhel\u00e9. sin embargo, ella desacredita la fiabilidad del documento.<\/p>\n<p>S\u00e1nchez explica que no fue sentenciada por los delitos por da\u00f1o moral y patrimonial por EL juez 54 Civil del Tribunal Superior de Justicia de la CDMX, como indica el comunicado que Oceransky difundi\u00f3.<\/p>\n<p>La demandada aclar\u00f3 que el jurado consider\u00f3 que no existi\u00f3 da\u00f1o patrimonial en contra del cantante, pues luego de enfrentar las acusaciones de forma p\u00fablica, Edgar sigui\u00f3 present\u00e1ndose en vivo y recibiendo la remuneraci\u00f3n correspondiente por su trabajo.<\/p>\n<p>A ra\u00edz de que este caso se refrescara, el m\u00fasico ha vuelto a enfrentar se\u00f1alamientos en redes sociales, motivo por lo que alrededor de las 23:00 horas, del d\u00eda de ayer, hizo una publicaci\u00f3n en que aseguraba que dejar\u00eda de utilizar su cuenta de \u00abX\u00bb:<\/p>\n<p>\u00abCon esta publicaci\u00f3n me despido de este medio pues no estoy de acuerdo con la violencia que se maneja\u00bb, escribi\u00f3.<\/p>\n<p>Oceransky, a su vez, comparti\u00f3 el mismo comunicado del aparente fallo, en donde tambi\u00e9n precisa las fechas de sus pr\u00f3ximos conciertos.<\/p>\n","protected":false},"excerpt":{"rendered":"<p>El cantante Edgar Oceransky dice que no usar\u00e1 m\u00e1s su cuenta de X, antes Twitter, debido a la violencia que ha enfrentado en esa red social, pues hay usuarias y usuarios que lo cuestionan debido a las acusaciones de acoso sexual que enfrenta desde 2022, \u00e9poca en que se difundieron videos donde se le puede [&hellip;]<\/p>\n","protected":false},"author":1,"featured_media":21317,"comment_status":"open","ping_status":"closed","sticky":false,"template":"","format":"standard","meta":{"footnotes":""},"categories":[4],"tags":[],"class_list":["post-21315","post","type-post","status-publish","format-standard","has-post-thumbnail","hentry","category-espectaculos"],"_links":{"self":[{"href":"https:\/\/podernacional.com\/index.php?rest_route=\/wp\/v2\/posts\/21315","targetHints":{"allow":["GET"]}}],"collection":[{"href":"https:\/\/podernacional.com\/index.php?rest_route=\/wp\/v2\/posts"}],"about":[{"href":"https:\/\/podernacional.com\/index.php?rest_route=\/wp\/v2\/types\/post"}],"author":[{"embeddable":true,"href":"https:\/\/podernacional.com\/index.php?rest_route=\/wp\/v2\/users\/1"}],"replies":[{"embeddable":true,"href":"https:\/\/podernacional.com\/index.php?rest_route=%2Fwp%2Fv2%2Fcomments&post=21315"}],"version-history":[{"count":1,"href":"https:\/\/podernacional.com\/index.php?rest_route=\/wp\/v2\/posts\/21315\/revisions"}],"predecessor-version":[{"id":21316,"href":"https:\/\/podernacional.com\/index.php?rest_route=\/wp\/v2\/posts\/21315\/revisions\/21316"}],"wp:featuredmedia":[{"embeddable":true,"href":"https:\/\/podernacional.com\/index.php?rest_route=\/wp\/v2\/media\/21317"}],"wp:attachment":[{"href":"https:\/\/podernacional.com\/index.php?rest_route=%2Fwp%2Fv2%2Fmedia&parent=21315"}],"wp:term":[{"taxonomy":"category","embeddable":true,"href":"https:\/\/podernacional.com\/index.php?rest_route=%2Fwp%2Fv2%2Fcategories&post=21315"},{"taxonomy":"post_tag","embeddable":true,"href":"https:\/\/podernacional.com\/index.php?rest_route=%2Fwp%2Fv2%2Ftags&post=21315"}],"curies":[{"name":"wp","href":"https:\/\/api.w.org\/{rel}","templated":true}]}}