{"id":21318,"date":"2024-03-28T11:17:02","date_gmt":"2024-03-28T16:17:02","guid":{"rendered":"https:\/\/podernacional.com\/?p=21318"},"modified":"2024-03-28T16:17:07","modified_gmt":"2024-03-28T16:17:07","slug":"cdmx-registra-594-incendios-forestales-entre-enero-y-marzo","status":"publish","type":"post","link":"https:\/\/podernacional.com\/?p=21318","title":{"rendered":"CDMX registra 594 incendios forestales entre enero y marzo"},"content":{"rendered":"<p>La Secretar\u00eda del Medio Ambiente de la Ciudad de M\u00e9xico inform\u00f3 haber resgistrado 594 incendios forestales en territorio capitalino en lo que va del a\u00f1o 2024.<\/p>\n<p>Los incendios han afectado a 1,080 hect\u00e1reas de terreno, principalmente de vegetaci\u00f3n y en su totalidad han sido provocados por la actividad humana.<\/p>\n<p>La Comisi\u00f3n Ambiental de la Megal\u00f3polis (CAMe) emiti\u00f3 esta tarde una serie de recomendaciones ante la presencia de humo en la metr\u00f3poli, proveniente de incendios forestales que han propiciado un olor a quemado persistente y afectaciones en la visibilidad en diversas zonas.<\/p>\n<p>El Jefe de Gobierno, Mart\u00ed Batres, asegur\u00f3 m\u00e1s temprano que el humo de los incendios registrados durante los \u00faltimos d\u00edas en Valle de Bravo y Jilotepec, en el Estado de M\u00e9xico, tambi\u00e9n se han desplazado hacia la capital, afectando la calidad del aire aqu\u00ed.<\/p>\n<p>Condiciones clim\u00e1ticas<\/p>\n<p>Andr\u00e9s Manuel L\u00f3pez Obrador, presidente de M\u00e9xico, inform\u00f3 por la ma\u00f1ana que al momento 20 incendios se han regiustrado en el Estado de M\u00e9xico, los cuales provocaron el deceso de cuatro personas: un polic\u00eda, un brigadista y dos comuneros.<\/p>\n<p>Los meses de marzo, abril y mayo son los m\u00e1s secos en M\u00e9xico y cuando se presentan efectos clim\u00e1ticos como El Ni\u00f1o, que favorecen las condiciones para que haya m\u00e1s incendios forestales.<\/p>\n<p>Aunque por el momento la CAMe no emiti\u00f3 alerta por contingencia ambiental, dio recomendaciones a la ciudadan\u00eda en caso de percibir humo u olor a quemado en el ambiente:<\/p>\n<p>Evitar hacer actividades al aire libre.<br \/>\nUtilizar cubrebocas en exteriores.<br \/>\nMantener cerradas las puertas y ventanas.<br \/>\nSi el humo es intenso, colocar toallas h\u00famedas en puertas y ventanas.<br \/>\nEvitar utilizar lentes de contacto.<\/p>\n<p>&nbsp;<\/p>\n","protected":false},"excerpt":{"rendered":"<p>La Secretar\u00eda del Medio Ambiente de la Ciudad de M\u00e9xico inform\u00f3 haber resgistrado 594 incendios forestales en territorio capitalino en lo que va del a\u00f1o 2024. Los incendios han afectado a 1,080 hect\u00e1reas de terreno, principalmente de vegetaci\u00f3n y en su totalidad han sido provocados por la actividad humana. La Comisi\u00f3n Ambiental de la Megal\u00f3polis [&hellip;]<\/p>\n","protected":false},"author":1,"featured_media":21320,"comment_status":"open","ping_status":"closed","sticky":false,"template":"","format":"standard","meta":{"footnotes":""},"categories":[7],"tags":[],"class_list":["post-21318","post","type-post","status-publish","format-standard","has-post-thumbnail","hentry","category-nacional"],"_links":{"self":[{"href":"https:\/\/podernacional.com\/index.php?rest_route=\/wp\/v2\/posts\/21318","targetHints":{"allow":["GET"]}}],"collection":[{"href":"https:\/\/podernacional.com\/index.php?rest_route=\/wp\/v2\/posts"}],"about":[{"href":"https:\/\/podernacional.com\/index.php?rest_route=\/wp\/v2\/types\/post"}],"author":[{"embeddable":true,"href":"https:\/\/podernacional.com\/index.php?rest_route=\/wp\/v2\/users\/1"}],"replies":[{"embeddable":true,"href":"https:\/\/podernacional.com\/index.php?rest_route=%2Fwp%2Fv2%2Fcomments&post=21318"}],"version-history":[{"count":1,"href":"https:\/\/podernacional.com\/index.php?rest_route=\/wp\/v2\/posts\/21318\/revisions"}],"predecessor-version":[{"id":21319,"href":"https:\/\/podernacional.com\/index.php?rest_route=\/wp\/v2\/posts\/21318\/revisions\/21319"}],"wp:featuredmedia":[{"embeddable":true,"href":"https:\/\/podernacional.com\/index.php?rest_route=\/wp\/v2\/media\/21320"}],"wp:attachment":[{"href":"https:\/\/podernacional.com\/index.php?rest_route=%2Fwp%2Fv2%2Fmedia&parent=21318"}],"wp:term":[{"taxonomy":"category","embeddable":true,"href":"https:\/\/podernacional.com\/index.php?rest_route=%2Fwp%2Fv2%2Fcategories&post=21318"},{"taxonomy":"post_tag","embeddable":true,"href":"https:\/\/podernacional.com\/index.php?rest_route=%2Fwp%2Fv2%2Ftags&post=21318"}],"curies":[{"name":"wp","href":"https:\/\/api.w.org\/{rel}","templated":true}]}}