{"id":21327,"date":"2024-03-29T09:46:05","date_gmt":"2024-03-29T14:46:05","guid":{"rendered":"https:\/\/podernacional.com\/?p=21327"},"modified":"2024-03-29T14:46:07","modified_gmt":"2024-03-29T14:46:07","slug":"esta-de-vuelta-peluche-caligari-hizo-oficial-el-regreso-pelusa-caligari","status":"publish","type":"post","link":"https:\/\/podernacional.com\/?p=21327","title":{"rendered":"\u00a1Est\u00e1 de vuelta! Peluche Caligari hizo oficial el regreso Pelusa Caligari"},"content":{"rendered":"<p>Tras rescatar a personalidades como Enrique \u00abPaleta\u00bb Esqueda y la ic\u00f3nica presencia de Cristiano Don Aldo, Peluche Caligari no pod\u00eda dejar atr\u00e1s al hombre que lo inici\u00f3 todo. A trav\u00e9s de un video compartido en sus plataformas de redes sociales, Peluche Caligari revel\u00f3 el regreso de su hist\u00f3rico entrenador, Pelusa Caligari.<\/p>\n<p>En el video, se muestra a \u00c1ngel Reyna, el l\u00edder del equipo, hablando con su plantilla despu\u00e9s de una derrota desafiante. La c\u00e1mara luego se enfoca en la distintiva vestimenta de Pelusa Caligari: pantalones de mezclilla y la ic\u00f3nica camiseta a rayas rojas y negras. La escena culmina con la frase impactante de Pelusa: \u00abNo te preocupes, \u00c1ngel, ya tengo la estrategia\u00bb, confirmando as\u00ed su retorno a la Kings League.<\/p>\n<p>El esperado regreso est\u00e1 programado para este s\u00e1bado en la Kings League Arena. En esta ocasi\u00f3n, Peluche Caligari se enfrentar\u00e1 al Club de Cuervos. Para Peluche Caligari, este enfrentamiento es crucial, ya que vienen de sufrir una derrota en el \u00abCl\u00e1sico de Internet\u00bb. Una segunda derrota no est\u00e1 en sus planes, especialmente cuando se enfrentan a un rival de la talla del Club de Cuervos.<\/p>\n<p>La emocionante doble jornada est\u00e1 programada para el 30 de marzo y el 1 de abril, donde Peluche Caligari no solo se enfrentar\u00e1 al Club de Cuervos, sino tambi\u00e9n a los Parceros. Sin duda, ser\u00e1 un espect\u00e1culo que ning\u00fan aficionado al futbol querr\u00e1 perderse.<\/p>\n<p>&nbsp;<\/p>\n","protected":false},"excerpt":{"rendered":"<p>Tras rescatar a personalidades como Enrique \u00abPaleta\u00bb Esqueda y la ic\u00f3nica presencia de Cristiano Don Aldo, Peluche Caligari no pod\u00eda dejar atr\u00e1s al hombre que lo inici\u00f3 todo. A trav\u00e9s de un video compartido en sus plataformas de redes sociales, Peluche Caligari revel\u00f3 el regreso de su hist\u00f3rico entrenador, Pelusa Caligari. En el video, se [&hellip;]<\/p>\n","protected":false},"author":1,"featured_media":21329,"comment_status":"open","ping_status":"closed","sticky":false,"template":"","format":"standard","meta":{"footnotes":""},"categories":[3],"tags":[],"class_list":["post-21327","post","type-post","status-publish","format-standard","has-post-thumbnail","hentry","category-deportes"],"_links":{"self":[{"href":"https:\/\/podernacional.com\/index.php?rest_route=\/wp\/v2\/posts\/21327","targetHints":{"allow":["GET"]}}],"collection":[{"href":"https:\/\/podernacional.com\/index.php?rest_route=\/wp\/v2\/posts"}],"about":[{"href":"https:\/\/podernacional.com\/index.php?rest_route=\/wp\/v2\/types\/post"}],"author":[{"embeddable":true,"href":"https:\/\/podernacional.com\/index.php?rest_route=\/wp\/v2\/users\/1"}],"replies":[{"embeddable":true,"href":"https:\/\/podernacional.com\/index.php?rest_route=%2Fwp%2Fv2%2Fcomments&post=21327"}],"version-history":[{"count":1,"href":"https:\/\/podernacional.com\/index.php?rest_route=\/wp\/v2\/posts\/21327\/revisions"}],"predecessor-version":[{"id":21328,"href":"https:\/\/podernacional.com\/index.php?rest_route=\/wp\/v2\/posts\/21327\/revisions\/21328"}],"wp:featuredmedia":[{"embeddable":true,"href":"https:\/\/podernacional.com\/index.php?rest_route=\/wp\/v2\/media\/21329"}],"wp:attachment":[{"href":"https:\/\/podernacional.com\/index.php?rest_route=%2Fwp%2Fv2%2Fmedia&parent=21327"}],"wp:term":[{"taxonomy":"category","embeddable":true,"href":"https:\/\/podernacional.com\/index.php?rest_route=%2Fwp%2Fv2%2Fcategories&post=21327"},{"taxonomy":"post_tag","embeddable":true,"href":"https:\/\/podernacional.com\/index.php?rest_route=%2Fwp%2Fv2%2Ftags&post=21327"}],"curies":[{"name":"wp","href":"https:\/\/api.w.org\/{rel}","templated":true}]}}