{"id":21363,"date":"2024-03-31T17:53:26","date_gmt":"2024-03-31T22:53:26","guid":{"rendered":"https:\/\/podernacional.com\/?p=21363"},"modified":"2024-03-31T22:53:28","modified_gmt":"2024-03-31T22:53:28","slug":"america-emprende-el-vuelo-a-eu-para-duelo-de-concachampions","status":"publish","type":"post","link":"https:\/\/podernacional.com\/?p=21363","title":{"rendered":"Am\u00e9rica emprende el vuelo a EU para duelo de &#8216;Concachampions&#8217;"},"content":{"rendered":"<p>Am\u00e9rica se encuentra pr\u00e1cticamente listo para presentarse en su serie de Cuartos de Final en Concachampions y la tarde de este domingo, emprendi\u00f3 el vuelo rumbo a Boston, ciudad en la que quedar\u00e1n concentrados para el encuentro que sostendr\u00e1n el pr\u00f3ximo martes frente a New England Revolution.<\/p>\n<p>La escuadra azulcrema tuvo un entrenamiento a temprana hora en las instalaciones de Coapa y despu\u00e9s de eso, se dirigieron al Aeropuerto Internacional de la Ciudad de M\u00e9xico, donde algunos jugadores se dieron un espacio para firmar aut\u00f3grafos y sacarse fotos con aficionados que ah\u00ed se encontraban.<\/p>\n<p>Cabe mencionar que Juli\u00e1n Qui\u00f1ones fue el gran ausente dado que se quedar\u00e1 en la Ciudad de M\u00e9xico para continuar con la lesi\u00f3n muscular que sufri\u00f3 durante la Fecha FIFA con la Selecci\u00f3n Mexicana, aunque por otra parte, elementos como \u00c1lvaro Fidalgo y Alejandro Zendejas s\u00ed se recuperaron, por lo que Andr\u00e9 Jardine podr\u00e1 echar mano de ambos.<\/p>\n<p>Antes de partir, Kevin \u00c1lvarez fue el \u00fanico que dio impresiones previas a este duelo y de forma breve se\u00f1al\u00f3 que tienen confianza de obtener un buen marcador; adem\u00e1s, consider\u00f3 que a pesar de la cargada agenda de partidos, ellos como jugadores est\u00e1n para responder.<\/p>\n<p>El duelo entre Am\u00e9rica y New England Revolution se celebrar\u00e1 en la cancha del Gillete Stadium el siguiente martes en punto de las 19:00 hrs (tiempo del centro de M\u00e9xico).<\/p>\n","protected":false},"excerpt":{"rendered":"<p>Am\u00e9rica se encuentra pr\u00e1cticamente listo para presentarse en su serie de Cuartos de Final en Concachampions y la tarde de este domingo, emprendi\u00f3 el vuelo rumbo a Boston, ciudad en la que quedar\u00e1n concentrados para el encuentro que sostendr\u00e1n el pr\u00f3ximo martes frente a New England Revolution. La escuadra azulcrema tuvo un entrenamiento a temprana [&hellip;]<\/p>\n","protected":false},"author":1,"featured_media":21365,"comment_status":"open","ping_status":"closed","sticky":false,"template":"","format":"standard","meta":{"footnotes":""},"categories":[3],"tags":[],"class_list":["post-21363","post","type-post","status-publish","format-standard","has-post-thumbnail","hentry","category-deportes"],"_links":{"self":[{"href":"https:\/\/podernacional.com\/index.php?rest_route=\/wp\/v2\/posts\/21363","targetHints":{"allow":["GET"]}}],"collection":[{"href":"https:\/\/podernacional.com\/index.php?rest_route=\/wp\/v2\/posts"}],"about":[{"href":"https:\/\/podernacional.com\/index.php?rest_route=\/wp\/v2\/types\/post"}],"author":[{"embeddable":true,"href":"https:\/\/podernacional.com\/index.php?rest_route=\/wp\/v2\/users\/1"}],"replies":[{"embeddable":true,"href":"https:\/\/podernacional.com\/index.php?rest_route=%2Fwp%2Fv2%2Fcomments&post=21363"}],"version-history":[{"count":1,"href":"https:\/\/podernacional.com\/index.php?rest_route=\/wp\/v2\/posts\/21363\/revisions"}],"predecessor-version":[{"id":21364,"href":"https:\/\/podernacional.com\/index.php?rest_route=\/wp\/v2\/posts\/21363\/revisions\/21364"}],"wp:featuredmedia":[{"embeddable":true,"href":"https:\/\/podernacional.com\/index.php?rest_route=\/wp\/v2\/media\/21365"}],"wp:attachment":[{"href":"https:\/\/podernacional.com\/index.php?rest_route=%2Fwp%2Fv2%2Fmedia&parent=21363"}],"wp:term":[{"taxonomy":"category","embeddable":true,"href":"https:\/\/podernacional.com\/index.php?rest_route=%2Fwp%2Fv2%2Fcategories&post=21363"},{"taxonomy":"post_tag","embeddable":true,"href":"https:\/\/podernacional.com\/index.php?rest_route=%2Fwp%2Fv2%2Ftags&post=21363"}],"curies":[{"name":"wp","href":"https:\/\/api.w.org\/{rel}","templated":true}]}}