{"id":21366,"date":"2024-03-31T18:07:02","date_gmt":"2024-03-31T23:07:02","guid":{"rendered":"https:\/\/podernacional.com\/?p=21366"},"modified":"2024-03-31T23:07:04","modified_gmt":"2024-03-31T23:07:04","slug":"aleks-syntek-pide-regular-la-musica-banda-tras-lo-ocurrido-en-mazatlan-y-lo-tunden-en-redes","status":"publish","type":"post","link":"https:\/\/podernacional.com\/?p=21366","title":{"rendered":"Aleks Syntek pide regular la m\u00fasica banda tras lo ocurrido en Mazatl\u00e1n y lo tunden en redes"},"content":{"rendered":"<p>En d\u00edas recientes se desat\u00f3 una pol\u00e9mica en torno a la m\u00fasica de banda que suele ser com\u00fan en las playas de Mazatl\u00e1n, Sinaloa, luego de que el empresario Ernesto Coppel publicara un video en el que menciona que los grupos que la tocan s\u00f3lo generan ruido, algo que le molesta a los hu\u00e9spedes extranjeros que se hospedan en sus hoteles.<\/p>\n<p>En este contexto, Aleks Syntek decidi\u00f3 entrar al debate en redes sociales y termin\u00f3 siendo criticado por su forma de pensar, ya que el cantante mexicano pidi\u00f3 que se regule este tipo de m\u00fasica, algo que molesto a internautas.<\/p>\n<p>\u00bfQu\u00e9 dijo Aleks Syntek sobre la banda?<br \/>\nTodo comenz\u00f3 este s\u00e1bado cuando Aleks Syntek respondi\u00f3 a trav\u00e9s de X al m\u00fasico Jos\u00e9 Meyer Ibarra sobre una reflexi\u00f3n que hizo en torno a la prohibici\u00f3n de la banda, pues est\u00e1 en contra de que sea considerada m\u00fasica \u00abde mal gusto\u00bb s\u00f3lo por algunas personas.<\/p>\n<p>Pocas cosas tan fascistas, clasistas y de la verga como prohibir g\u00e9neros musicales, especialmente aquellos que las \u00e9lites los clasifican como \u201cde mal gusto\u201d (?) No es de awevo que te guste la Banda, pero tampoco es de awevo que seamos intolerantes y prohibicionistas (sic)\u00bb<\/p>\n<p>La publicaci\u00f3n provoc\u00f3 varias respuestas, entre ellas, la del int\u00e9rprete de \u00abLo que t\u00fa necesitas\u00bb por la cual, le llovieron cr\u00edticas:<\/p>\n<p>En el antro o en el concierto cada quien escuche lo que \u00e9l de la gana. En lugares p\u00fablicos y horarios familiares la pornograf\u00eda debe ser regulada, \u00bfo acaso somos cavern\u00edcolas?\u00bb<\/p>\n<p>Esto desat\u00f3 una discusi\u00f3n entre ambos m\u00fasicos por sus diferentes formas de pensar:<\/p>\n<p>Tunden a Aleks Syntek por buscar regular la banda en M\u00e9xico<br \/>\nLuego de que Aleks Syntek arremetiera contra un g\u00e9nero que es escuchado en gran parte del pa\u00eds, usuarios lo atacaron en redes sociales, pues muchos consideraron incoherente que se preocupe por los ni\u00f1os cuando presuntamente, hace un tiempo se difundieron conversaciones en las que habr\u00eda acosado a un menor de edad brit\u00e1nico.<\/p>\n<p>Fue as\u00ed como internautas le recordaron ese cap\u00edtulo de su vida y le dejaron comentarios como:<\/p>\n<p>\u00abNadie nos pag\u00f3, no seas subnormal Existimos y somos defensores de la m\u00fasica de banda sinaloense que estigmatizas y criticas Miles de familias viven de la m\u00fasica de banda sinaloense y merecen respeto\u00bb<br \/>\n\u00abNo eres sinaloense nunca lo entender\u00e1s\u2026\u00bb<br \/>\n\u00abEs que la m\u00fasica de banda no es un cute british boy\u00bb<br \/>\n\u00abCongruente y sensato para quien para ti ya te escuchas muy mal hora resulta que se tiene que prohibir la musica por que te crees m\u00e1s importante que todos\u00bb<\/p>\n<p>Me halaga la cantidad de bots pagados haciendo campa\u00f1a para se\u00f1alarme y difamarme por defender algo congruente y sensato. Asi de importante debo ser a nivel social para que est\u00e9n tan a la defensiva con lo que expreso como padre de familia. Gracias<\/p>\n<p>\u2014 Aleks Syntek (@syntekoficial) March 31, 2024<\/p>\n<p>Sin embargo, la postura del int\u00e9rprete de \u00abLoca\u00bb fue contundente y por m\u00e1s que usuarios trataron de explicarle lo mal que est\u00e1 estigmatizar un g\u00e9nero, el cantante se mostr\u00f3 firme con afirmaciones como:<\/p>\n<p>No se puede respetar a aquellos que viven de hacer da\u00f1o a los dem\u00e1s con cosas il\u00edcitas y clandestinas. Los contenidos de apolog\u00eda del delito y porno deben ser regulados. No importa el g\u00e9nero musical\u00bb<\/p>\n<p>Despu\u00e9s de discutir y responder a usuarios durante una hora aproximadamente, Syntek concluy\u00f3 que todos los usuarios que no estaban de acuerdo con su forma de pensar eran bots, as\u00ed que dio por terminado el tema, aunque en esta ocasi\u00f3n, no cerr\u00f3 su cuenta como sol\u00eda hacerlo hace algunos a\u00f1os, ya que el cantante tiende a engancharse con sus haters en redes sociales.<\/p>\n","protected":false},"excerpt":{"rendered":"<p>En d\u00edas recientes se desat\u00f3 una pol\u00e9mica en torno a la m\u00fasica de banda que suele ser com\u00fan en las playas de Mazatl\u00e1n, Sinaloa, luego de que el empresario Ernesto Coppel publicara un video en el que menciona que los grupos que la tocan s\u00f3lo generan ruido, algo que le molesta a los hu\u00e9spedes extranjeros [&hellip;]<\/p>\n","protected":false},"author":1,"featured_media":21368,"comment_status":"open","ping_status":"closed","sticky":false,"template":"","format":"standard","meta":{"footnotes":""},"categories":[4],"tags":[],"class_list":["post-21366","post","type-post","status-publish","format-standard","has-post-thumbnail","hentry","category-espectaculos"],"_links":{"self":[{"href":"https:\/\/podernacional.com\/index.php?rest_route=\/wp\/v2\/posts\/21366","targetHints":{"allow":["GET"]}}],"collection":[{"href":"https:\/\/podernacional.com\/index.php?rest_route=\/wp\/v2\/posts"}],"about":[{"href":"https:\/\/podernacional.com\/index.php?rest_route=\/wp\/v2\/types\/post"}],"author":[{"embeddable":true,"href":"https:\/\/podernacional.com\/index.php?rest_route=\/wp\/v2\/users\/1"}],"replies":[{"embeddable":true,"href":"https:\/\/podernacional.com\/index.php?rest_route=%2Fwp%2Fv2%2Fcomments&post=21366"}],"version-history":[{"count":1,"href":"https:\/\/podernacional.com\/index.php?rest_route=\/wp\/v2\/posts\/21366\/revisions"}],"predecessor-version":[{"id":21367,"href":"https:\/\/podernacional.com\/index.php?rest_route=\/wp\/v2\/posts\/21366\/revisions\/21367"}],"wp:featuredmedia":[{"embeddable":true,"href":"https:\/\/podernacional.com\/index.php?rest_route=\/wp\/v2\/media\/21368"}],"wp:attachment":[{"href":"https:\/\/podernacional.com\/index.php?rest_route=%2Fwp%2Fv2%2Fmedia&parent=21366"}],"wp:term":[{"taxonomy":"category","embeddable":true,"href":"https:\/\/podernacional.com\/index.php?rest_route=%2Fwp%2Fv2%2Fcategories&post=21366"},{"taxonomy":"post_tag","embeddable":true,"href":"https:\/\/podernacional.com\/index.php?rest_route=%2Fwp%2Fv2%2Ftags&post=21366"}],"curies":[{"name":"wp","href":"https:\/\/api.w.org\/{rel}","templated":true}]}}