{"id":21369,"date":"2024-03-31T18:24:03","date_gmt":"2024-03-31T23:24:03","guid":{"rendered":"https:\/\/podernacional.com\/?p=21369"},"modified":"2024-03-31T23:24:05","modified_gmt":"2024-03-31T23:24:05","slug":"conapred-llama-a-evitar-estigmatizacion-de-la-poblacion-trans","status":"publish","type":"post","link":"https:\/\/podernacional.com\/?p=21369","title":{"rendered":"Conapred llama a evitar estigmatizaci\u00f3n de la poblaci\u00f3n trans"},"content":{"rendered":"<p>Reconocer la diversidad ayuda a evitar cualquier tipo de discriminaci\u00f3n por motivos de orientaci\u00f3n sexual e identidad de g\u00e9nero, se\u00f1al\u00f3 el Consejo Nacional para Prevenir la Discriminaci\u00f3n (Conapred).<\/p>\n<p>En el marco del D\u00eda Internacional de la Visibilidad Trans, refiri\u00f3 que el uso del lenguaje incluyente promueve una cultura basada en el respeto a las diferencias y la igualdad.<\/p>\n<p>\u00abAl normalizar expresiones de discriminaci\u00f3n se contribuye a generar violencias que, incluso, pueden terminar con la vida de las personas, particularmente, de quienes pertenecen a grupos hist\u00f3ricamente excluidos como la poblaci\u00f3n trans que, por sesgos y prejuicios, en muchas ocasiones ven limitados sus derechos\u00bb, apunt\u00f3.<\/p>\n<p>Especific\u00f3 que la estigmatizaci\u00f3n de la diversidad ha conducido a que, en muchos \u00e1mbitos, se reproduzcan patrones de rechazo.<\/p>\n<p>De acuerdo con la Encuesta Nacional sobre Discriminaci\u00f3n (Enadis) 2022, siete de cada 10 personas con orientaciones sexuales, identidades y expresiones de g\u00e9nero no normativas declararon haberse sentido discriminadas en espacios educativos; y la mitad manifest\u00f3 haber vivido, por lo menos una vez, situaciones de acoso, hostigamiento o segregaci\u00f3n en el trabajo.<\/p>\n<p>Por ello, el Conapred puso a disposici\u00f3n los n\u00fameros telef\u00f3nicos 55-5262-1490 en la Ciudad de M\u00e9xico, y 800 543 0033 en las entidades federativas, para quienes deseen presentar una queja por probables actos de discriminaci\u00f3n. Asimismo, el correo electr\u00f3nico quejas@conapred.org.mx y el sitio web www.conapred.org.mx.<\/p>\n","protected":false},"excerpt":{"rendered":"<p>Reconocer la diversidad ayuda a evitar cualquier tipo de discriminaci\u00f3n por motivos de orientaci\u00f3n sexual e identidad de g\u00e9nero, se\u00f1al\u00f3 el Consejo Nacional para Prevenir la Discriminaci\u00f3n (Conapred). En el marco del D\u00eda Internacional de la Visibilidad Trans, refiri\u00f3 que el uso del lenguaje incluyente promueve una cultura basada en el respeto a las diferencias [&hellip;]<\/p>\n","protected":false},"author":1,"featured_media":21371,"comment_status":"open","ping_status":"closed","sticky":false,"template":"","format":"standard","meta":{"footnotes":""},"categories":[7],"tags":[],"class_list":["post-21369","post","type-post","status-publish","format-standard","has-post-thumbnail","hentry","category-nacional"],"_links":{"self":[{"href":"https:\/\/podernacional.com\/index.php?rest_route=\/wp\/v2\/posts\/21369","targetHints":{"allow":["GET"]}}],"collection":[{"href":"https:\/\/podernacional.com\/index.php?rest_route=\/wp\/v2\/posts"}],"about":[{"href":"https:\/\/podernacional.com\/index.php?rest_route=\/wp\/v2\/types\/post"}],"author":[{"embeddable":true,"href":"https:\/\/podernacional.com\/index.php?rest_route=\/wp\/v2\/users\/1"}],"replies":[{"embeddable":true,"href":"https:\/\/podernacional.com\/index.php?rest_route=%2Fwp%2Fv2%2Fcomments&post=21369"}],"version-history":[{"count":1,"href":"https:\/\/podernacional.com\/index.php?rest_route=\/wp\/v2\/posts\/21369\/revisions"}],"predecessor-version":[{"id":21370,"href":"https:\/\/podernacional.com\/index.php?rest_route=\/wp\/v2\/posts\/21369\/revisions\/21370"}],"wp:featuredmedia":[{"embeddable":true,"href":"https:\/\/podernacional.com\/index.php?rest_route=\/wp\/v2\/media\/21371"}],"wp:attachment":[{"href":"https:\/\/podernacional.com\/index.php?rest_route=%2Fwp%2Fv2%2Fmedia&parent=21369"}],"wp:term":[{"taxonomy":"category","embeddable":true,"href":"https:\/\/podernacional.com\/index.php?rest_route=%2Fwp%2Fv2%2Fcategories&post=21369"},{"taxonomy":"post_tag","embeddable":true,"href":"https:\/\/podernacional.com\/index.php?rest_route=%2Fwp%2Fv2%2Ftags&post=21369"}],"curies":[{"name":"wp","href":"https:\/\/api.w.org\/{rel}","templated":true}]}}