{"id":21381,"date":"2024-04-01T12:40:17","date_gmt":"2024-04-01T17:40:17","guid":{"rendered":"https:\/\/podernacional.com\/?p=21381"},"modified":"2024-04-01T17:40:18","modified_gmt":"2024-04-01T17:40:18","slug":"enorme-avalancha-sepulta-a-decenas-de-personas-en-famosa-estacion-de-ski-en-suiza","status":"publish","type":"post","link":"https:\/\/podernacional.com\/?p=21381","title":{"rendered":"Enorme avalancha sepulta a decenas de personas en famosa estaci\u00f3n de ski en Suiza"},"content":{"rendered":"<p>Las im\u00e1genes de una colosal avalancha est\u00e1n dando la vuelta al mundo luego de que se produjera en Zermatt, una de las principales estaciones de ski y alpinismo de Suiza, dejando a decenas de personas sepultadas, mientras otras fueron arrastradas varios metros.<\/p>\n<p>La polic\u00eda de Valais inform\u00f3 a trav\u00e9s de sus redes sociales que el incidente se produjo poco despu\u00e9s de las 14:00 horas del este lunes \u00abse desencaden\u00f3 un alud en un sector fuera de pista en Riffelberg (Zermatt). Varias personas fueron arrastradas. B\u00fasqueda en curso. Habr\u00e1 informaciones\u00bb, escribi\u00f3 la polic\u00eda.<\/p>\n<p>El ex jefe del servicio de rescate de monta\u00f1a de Zermatt, Bruno Jelk, dijo que la avalancha se produjo debajo de la estaci\u00f3n de Riffelberg, fuera de las pistas.<\/p>\n<p>\u00abVarias personas entraron en la pendiente, hab\u00eda muchas huellas y provocaron una gran avalancha. Est\u00e1n mirando all\u00ed ahora. No sabes exactamente cu\u00e1ntos hay adentro y cu\u00e1ntos afuera, es una zona grande, es una situaci\u00f3n dif\u00edcil, hay que buscar hasta saber que ya no hay nadie\u201d, expres\u00f3.<\/p>\n<p>Trascendi\u00f3 que la causa del alud fue la abundancia de nieve fresca y viento huracanado, que se observ\u00f3 en los \u00faltimos d\u00edas en el sur del pa\u00eds, en donde el a\u00f1o pasado 12 avalanchas en el invierno 2023 mataron a 14 personas.<\/p>\n<p>Los equipos de rescate iniciaron una b\u00fasqueda en donde participan varios helic\u00f3pteros y perros rastreadores, en tanto, un portavoz de la polic\u00eda revel\u00f3 a medios de comunicaci\u00f3n que al menos tres personas estaban desaparecidas y se presume que hay varios muertos.<\/p>\n<p>En d\u00edas pasado, el Instituto de Investigaci\u00f3n de Nieve y Avalanchas (WLF) advirti\u00f3 de un alto riesgo de aludes por la ma\u00f1ana.<\/p>\n<p>\u00abSe esperan avalanchas espont\u00e1neas muy grandes y, en ocasiones, extremadamente grandes\u00bb, afirm\u00f3 al enfatizar que exist\u00eda un gran peligro de avalanchas en Tirol, Austria y Tirol del Sur.<\/p>\n<p>En los \u00faltimos d\u00edas el fuerte viento provoc\u00f3 grandes acumulaciones de nieve a la deriva, que son especialmente propensas a deslizarse y provocar severos accidentes.<\/p>\n","protected":false},"excerpt":{"rendered":"<p>Las im\u00e1genes de una colosal avalancha est\u00e1n dando la vuelta al mundo luego de que se produjera en Zermatt, una de las principales estaciones de ski y alpinismo de Suiza, dejando a decenas de personas sepultadas, mientras otras fueron arrastradas varios metros. La polic\u00eda de Valais inform\u00f3 a trav\u00e9s de sus redes sociales que el [&hellip;]<\/p>\n","protected":false},"author":1,"featured_media":21383,"comment_status":"open","ping_status":"closed","sticky":false,"template":"","format":"standard","meta":{"footnotes":""},"categories":[5],"tags":[],"class_list":["post-21381","post","type-post","status-publish","format-standard","has-post-thumbnail","hentry","category-internacional"],"_links":{"self":[{"href":"https:\/\/podernacional.com\/index.php?rest_route=\/wp\/v2\/posts\/21381","targetHints":{"allow":["GET"]}}],"collection":[{"href":"https:\/\/podernacional.com\/index.php?rest_route=\/wp\/v2\/posts"}],"about":[{"href":"https:\/\/podernacional.com\/index.php?rest_route=\/wp\/v2\/types\/post"}],"author":[{"embeddable":true,"href":"https:\/\/podernacional.com\/index.php?rest_route=\/wp\/v2\/users\/1"}],"replies":[{"embeddable":true,"href":"https:\/\/podernacional.com\/index.php?rest_route=%2Fwp%2Fv2%2Fcomments&post=21381"}],"version-history":[{"count":1,"href":"https:\/\/podernacional.com\/index.php?rest_route=\/wp\/v2\/posts\/21381\/revisions"}],"predecessor-version":[{"id":21382,"href":"https:\/\/podernacional.com\/index.php?rest_route=\/wp\/v2\/posts\/21381\/revisions\/21382"}],"wp:featuredmedia":[{"embeddable":true,"href":"https:\/\/podernacional.com\/index.php?rest_route=\/wp\/v2\/media\/21383"}],"wp:attachment":[{"href":"https:\/\/podernacional.com\/index.php?rest_route=%2Fwp%2Fv2%2Fmedia&parent=21381"}],"wp:term":[{"taxonomy":"category","embeddable":true,"href":"https:\/\/podernacional.com\/index.php?rest_route=%2Fwp%2Fv2%2Fcategories&post=21381"},{"taxonomy":"post_tag","embeddable":true,"href":"https:\/\/podernacional.com\/index.php?rest_route=%2Fwp%2Fv2%2Ftags&post=21381"}],"curies":[{"name":"wp","href":"https:\/\/api.w.org\/{rel}","templated":true}]}}