{"id":21436,"date":"2024-04-04T09:20:37","date_gmt":"2024-04-04T14:20:37","guid":{"rendered":"https:\/\/podernacional.com\/?p=21436"},"modified":"2024-04-04T18:28:13","modified_gmt":"2024-04-04T18:28:13","slug":"concluye-quintana-roo-en-tercer-lugar-del-abierto-nacional-e-internacional-de-ajedrez","status":"publish","type":"post","link":"https:\/\/podernacional.com\/?p=21436","title":{"rendered":"Concluye Quintana Roo en tercer lugar del Abierto Nacional e Internacional de ajedrez"},"content":{"rendered":"<p>Concluye Quintana Roo en tercer lugar del Abierto Nacional e Internacional de ajedrez<\/p>\n<p>La Selecci\u00f3n de Quintana Roo, conformada por 33 jugadores, tuvo una destacada actuaci\u00f3n al finalizar en el tercer lugar general por equipos, esto durante su participaci\u00f3n en el \u201cLXIX Campeonato Nacional e Internacional Abierto Mexicano de Ajedrez 2024\u201d, celebrado en la ciudad de Quer\u00e9taro.<\/p>\n<p>La delegaci\u00f3n represent\u00f3 dignamente a la entidad, luego de registrar resultados muy favorables y por segundo a\u00f1o consecutivo, Quintana Roo finaliz\u00f3 como tercer lugar nacional, en esta ocasi\u00f3n solo despu\u00e9s de Ciudad de M\u00e9xico y Yucat\u00e1n, que fueron primero y segundo lugar general, respectivamente.<\/p>\n<p>Los que m\u00e1s resaltaron en esta competencia fueron la oriunda de Solidaridad, Valeria Garc\u00eda G\u00f3mez en la categor\u00eda Sub-18 y el tambi\u00e9n playense Wilberth Sebasti\u00e1n L\u00f3pez Fuentes en la Sub-14, ambos concluyeron en el segundo lugar en sus respectivas divisiones.<\/p>\n<p>En el caso de Levi Kalani Fogo Esquivel de Tulum, concluy\u00f3 en la tercera posici\u00f3n en la categor\u00eda Sub-14; en esta misma divisi\u00f3n, pero en la femenil, resalt\u00f3 con un tercer puesto la benitojuarense Carolina Mar\u00edn Garrido; y otro tercer sitio para Quintana Roo, fue por conducto del playense Dar\u00edo Rolandi Rodr\u00edguez en la Sub-18.<\/p>\n<p>Quintana Roo logr\u00f3 tres cuartos lugares en este certamen, el primero fue de la benitojuarense Wim Tania Miranda Rodr\u00edguez en la divisi\u00f3n Femenil; tambi\u00e9n fue en la categor\u00eda Segunda Fuerza, con el oriundo de Oth\u00f3n P. Blanco, Julio Mauricio Vel\u00e1zquez Monreal; y finalmente, Virgilio Esquivel Nateras de Tulum, en la divisi\u00f3n Promocional de Pap\u00e1s.<\/p>\n<p>En m\u00e1s resultados, en la Sub-14 femenil, Andrea Flores Hern\u00e1ndez de Benito Ju\u00e1rez culmin\u00f3 en la octava posici\u00f3n; y finalmente, resaltaron los cancunenses Mateo Costa Lozano en la Sub-10 y Jos\u00e9 Manuel Mart\u00ednez en la Promocional de Pap\u00e1s, ambos al finalizar en el onceavo sitio de sus respectivas divisiones.<\/p>\n<p>Quintana Roo tambi\u00e9n estuvo representando por Julio Gonz\u00e1lez, M\u00e1ximo Vega, Naomi Chay, Edwin Tapia, Rom\u00e1n Mart\u00ednez, Fernanda Flores, Celeste \u00c1lvarez, Deyanira Esquivel, Nicol\u00e1s Busto, Miguel Garc\u00eda, Aldo Chi; adem\u00e1s de Andr\u00e9s L\u00f3pez, Rene Herrera, C\u00e9sar Serrano, Ricardo Carmoligna, Luis Santoyo, Alexis Ram\u00edrez, Carlos Santoyo, Cristian Blanco, Miranda Ku, Carlos Palacios y Reneiro G\u00f3mez.<\/p>\n","protected":false},"excerpt":{"rendered":"<p>Concluye Quintana Roo en tercer lugar del Abierto Nacional e Internacional de ajedrez La Selecci\u00f3n de Quintana Roo, conformada por 33 jugadores, tuvo una destacada actuaci\u00f3n al finalizar en el tercer lugar general por equipos, esto durante su participaci\u00f3n en el \u201cLXIX Campeonato Nacional e Internacional Abierto Mexicano de Ajedrez 2024\u201d, celebrado en la ciudad [&hellip;]<\/p>\n","protected":false},"author":1,"featured_media":21438,"comment_status":"open","ping_status":"closed","sticky":false,"template":"","format":"standard","meta":{"footnotes":""},"categories":[3],"tags":[],"class_list":["post-21436","post","type-post","status-publish","format-standard","has-post-thumbnail","hentry","category-deportes"],"_links":{"self":[{"href":"https:\/\/podernacional.com\/index.php?rest_route=\/wp\/v2\/posts\/21436","targetHints":{"allow":["GET"]}}],"collection":[{"href":"https:\/\/podernacional.com\/index.php?rest_route=\/wp\/v2\/posts"}],"about":[{"href":"https:\/\/podernacional.com\/index.php?rest_route=\/wp\/v2\/types\/post"}],"author":[{"embeddable":true,"href":"https:\/\/podernacional.com\/index.php?rest_route=\/wp\/v2\/users\/1"}],"replies":[{"embeddable":true,"href":"https:\/\/podernacional.com\/index.php?rest_route=%2Fwp%2Fv2%2Fcomments&post=21436"}],"version-history":[{"count":1,"href":"https:\/\/podernacional.com\/index.php?rest_route=\/wp\/v2\/posts\/21436\/revisions"}],"predecessor-version":[{"id":21437,"href":"https:\/\/podernacional.com\/index.php?rest_route=\/wp\/v2\/posts\/21436\/revisions\/21437"}],"wp:featuredmedia":[{"embeddable":true,"href":"https:\/\/podernacional.com\/index.php?rest_route=\/wp\/v2\/media\/21438"}],"wp:attachment":[{"href":"https:\/\/podernacional.com\/index.php?rest_route=%2Fwp%2Fv2%2Fmedia&parent=21436"}],"wp:term":[{"taxonomy":"category","embeddable":true,"href":"https:\/\/podernacional.com\/index.php?rest_route=%2Fwp%2Fv2%2Fcategories&post=21436"},{"taxonomy":"post_tag","embeddable":true,"href":"https:\/\/podernacional.com\/index.php?rest_route=%2Fwp%2Fv2%2Ftags&post=21436"}],"curies":[{"name":"wp","href":"https:\/\/api.w.org\/{rel}","templated":true}]}}