{"id":21507,"date":"2024-04-08T10:30:57","date_gmt":"2024-04-08T15:30:57","guid":{"rendered":"https:\/\/podernacional.com\/?p=21507"},"modified":"2024-04-08T15:30:59","modified_gmt":"2024-04-08T15:30:59","slug":"ministro-de-defensa-de-israel-prepara-operacion-en-rafah","status":"publish","type":"post","link":"https:\/\/podernacional.com\/?p=21507","title":{"rendered":"Ministro de Defensa de Israel prepara operaci\u00f3n en Rafah"},"content":{"rendered":"<p>El ministro de Defensa de Israel, Yoav Gallant, afirm\u00f3 que las tropas se retiraron de Jan Yunis este domingo, en el sur de la Franja de Gaza para \u00abprepararse\u00bb para sus pr\u00f3ximas misiones, incluyendo una operaci\u00f3n en Rafah.<\/p>\n<p>\u00abNuestras fuerzas se preparan para sus pr\u00f3ximas misiones (&#8230;) en la zona de Rafah\u00bb, declar\u00f3 Gallant despu\u00e9s de que el ej\u00e9rcito israel\u00ed anunciara que desmantel\u00f3 las operaciones del movimiento islamista palestino Ham\u00e1s en Jan Yunis, una localidad ubicada al norte de Rafah, donde se estima que hay 1,5 millones de palestinos.<\/p>\n","protected":false},"excerpt":{"rendered":"<p>El ministro de Defensa de Israel, Yoav Gallant, afirm\u00f3 que las tropas se retiraron de Jan Yunis este domingo, en el sur de la Franja de Gaza para \u00abprepararse\u00bb para sus pr\u00f3ximas misiones, incluyendo una operaci\u00f3n en Rafah. \u00abNuestras fuerzas se preparan para sus pr\u00f3ximas misiones (&#8230;) en la zona de Rafah\u00bb, declar\u00f3 Gallant despu\u00e9s [&hellip;]<\/p>\n","protected":false},"author":1,"featured_media":21509,"comment_status":"open","ping_status":"closed","sticky":false,"template":"","format":"standard","meta":{"footnotes":""},"categories":[5],"tags":[],"class_list":["post-21507","post","type-post","status-publish","format-standard","has-post-thumbnail","hentry","category-internacional"],"_links":{"self":[{"href":"https:\/\/podernacional.com\/index.php?rest_route=\/wp\/v2\/posts\/21507","targetHints":{"allow":["GET"]}}],"collection":[{"href":"https:\/\/podernacional.com\/index.php?rest_route=\/wp\/v2\/posts"}],"about":[{"href":"https:\/\/podernacional.com\/index.php?rest_route=\/wp\/v2\/types\/post"}],"author":[{"embeddable":true,"href":"https:\/\/podernacional.com\/index.php?rest_route=\/wp\/v2\/users\/1"}],"replies":[{"embeddable":true,"href":"https:\/\/podernacional.com\/index.php?rest_route=%2Fwp%2Fv2%2Fcomments&post=21507"}],"version-history":[{"count":1,"href":"https:\/\/podernacional.com\/index.php?rest_route=\/wp\/v2\/posts\/21507\/revisions"}],"predecessor-version":[{"id":21508,"href":"https:\/\/podernacional.com\/index.php?rest_route=\/wp\/v2\/posts\/21507\/revisions\/21508"}],"wp:featuredmedia":[{"embeddable":true,"href":"https:\/\/podernacional.com\/index.php?rest_route=\/wp\/v2\/media\/21509"}],"wp:attachment":[{"href":"https:\/\/podernacional.com\/index.php?rest_route=%2Fwp%2Fv2%2Fmedia&parent=21507"}],"wp:term":[{"taxonomy":"category","embeddable":true,"href":"https:\/\/podernacional.com\/index.php?rest_route=%2Fwp%2Fv2%2Fcategories&post=21507"},{"taxonomy":"post_tag","embeddable":true,"href":"https:\/\/podernacional.com\/index.php?rest_route=%2Fwp%2Fv2%2Ftags&post=21507"}],"curies":[{"name":"wp","href":"https:\/\/api.w.org\/{rel}","templated":true}]}}