{"id":21558,"date":"2024-04-12T13:23:25","date_gmt":"2024-04-12T18:23:25","guid":{"rendered":"https:\/\/podernacional.com\/?p=21558"},"modified":"2024-04-12T18:23:27","modified_gmt":"2024-04-12T18:23:27","slug":"belinda-anuncia-300-noches-una-nueva-cancion-con-natanael-cano","status":"publish","type":"post","link":"https:\/\/podernacional.com\/?p=21558","title":{"rendered":"Belinda anuncia &#8216;300 noches&#8217;, una nueva canci\u00f3n con Natanael Cano"},"content":{"rendered":"<p>Luego del \u00e9xito de Cactus, Belinda se prepara para regresar a los escenarios y ahora lo har\u00e1 a lado de Natanael Cano, el precursos de los corridos tumbados, as\u00ed lo anunci\u00f3 la cantante en sus redes sociales.<\/p>\n<p>\u201cYa falta poco, Natanael Cano, 300 noches\u201d, comparti\u00f3 Belinda en sus redes sociales, en donde destaca un video en el estudio junto con el cantante.<\/p>\n<p>En el video que comparti\u00f3 Belinda en su Instagram se le ve a lado de Natanael Cano en el estudio de grabaci\u00f3n, en el que primero la int\u00e9rprete de Sapito interpreta parte de la canci\u00f3n: \u201cy aun recuerdo como lo hac\u00edamos y amanec\u00edamos siempre abrazados\u201d.<\/p>\n<p>Mientras que en la siguiente secuencia ya se ve a Natanael Cano en el estudio de grabaci\u00f3n observando algunos detalles de lo que estaba cantando Belinda.<\/p>\n<p>\u201cPuros corridos coquette\u201d, dice Natanael Cano en una parte del video en el que aparece en el estudio de grabaci\u00f3n.<\/p>\n<p>En otra parte del video, Natanael Cano canta otra parte de la canci\u00f3n, mientras que Belinda le da ordenes para alcanzar algunas notas y la canci\u00f3n que est\u00e1 pr\u00f3xima a salir suene perfectamente siguiendo el mismo estilo de Cactus.<\/p>\n<p>\u201cNo puedo seguir siendo el rey, sin esta reina a mi lado\u201d, canta Natanael Cano en una parte del video compartido por Belinda.<\/p>\n<p>En los \u00faltimos segundos del video, Natanael Cano le echa flores a Belinda diciendo que ella hizo lo mejor en la canci\u00f3n y al final terminan cantando juntos parte de ella para que en el video de redes sociales dijera que pr\u00f3ximamente se estrenar\u00e1 300.<\/p>\n<p>Luego de haber dejado la m\u00fasica por 10 a\u00f1os y hacer un par de colaboraciones durante este tiempo, Belinda regres\u00f3 a cantar con Cactus, una canci\u00f3n dedicada a su ex pareja, Christian Nodal y con la que sobresali\u00f3 en los corridos coquette.<\/p>\n<p>Y aunque se creer\u00eda que Belinda retrasar\u00eda de nuevo su regreso a la m\u00fasica debido a una hospitalizaci\u00f3n por un tumor, la cantante sorprendi\u00f3 a sus fans con este video en el estudio de grabaci\u00f3n.<\/p>\n","protected":false},"excerpt":{"rendered":"<p>Luego del \u00e9xito de Cactus, Belinda se prepara para regresar a los escenarios y ahora lo har\u00e1 a lado de Natanael Cano, el precursos de los corridos tumbados, as\u00ed lo anunci\u00f3 la cantante en sus redes sociales. \u201cYa falta poco, Natanael Cano, 300 noches\u201d, comparti\u00f3 Belinda en sus redes sociales, en donde destaca un video [&hellip;]<\/p>\n","protected":false},"author":1,"featured_media":21560,"comment_status":"open","ping_status":"closed","sticky":false,"template":"","format":"standard","meta":{"footnotes":""},"categories":[4],"tags":[],"class_list":["post-21558","post","type-post","status-publish","format-standard","has-post-thumbnail","hentry","category-espectaculos"],"_links":{"self":[{"href":"https:\/\/podernacional.com\/index.php?rest_route=\/wp\/v2\/posts\/21558","targetHints":{"allow":["GET"]}}],"collection":[{"href":"https:\/\/podernacional.com\/index.php?rest_route=\/wp\/v2\/posts"}],"about":[{"href":"https:\/\/podernacional.com\/index.php?rest_route=\/wp\/v2\/types\/post"}],"author":[{"embeddable":true,"href":"https:\/\/podernacional.com\/index.php?rest_route=\/wp\/v2\/users\/1"}],"replies":[{"embeddable":true,"href":"https:\/\/podernacional.com\/index.php?rest_route=%2Fwp%2Fv2%2Fcomments&post=21558"}],"version-history":[{"count":1,"href":"https:\/\/podernacional.com\/index.php?rest_route=\/wp\/v2\/posts\/21558\/revisions"}],"predecessor-version":[{"id":21559,"href":"https:\/\/podernacional.com\/index.php?rest_route=\/wp\/v2\/posts\/21558\/revisions\/21559"}],"wp:featuredmedia":[{"embeddable":true,"href":"https:\/\/podernacional.com\/index.php?rest_route=\/wp\/v2\/media\/21560"}],"wp:attachment":[{"href":"https:\/\/podernacional.com\/index.php?rest_route=%2Fwp%2Fv2%2Fmedia&parent=21558"}],"wp:term":[{"taxonomy":"category","embeddable":true,"href":"https:\/\/podernacional.com\/index.php?rest_route=%2Fwp%2Fv2%2Fcategories&post=21558"},{"taxonomy":"post_tag","embeddable":true,"href":"https:\/\/podernacional.com\/index.php?rest_route=%2Fwp%2Fv2%2Ftags&post=21558"}],"curies":[{"name":"wp","href":"https:\/\/api.w.org\/{rel}","templated":true}]}}