{"id":21570,"date":"2024-04-13T17:22:38","date_gmt":"2024-04-13T22:22:38","guid":{"rendered":"https:\/\/podernacional.com\/?p=21570"},"modified":"2024-04-13T22:22:39","modified_gmt":"2024-04-13T22:22:39","slug":"javier-aguirre-tras-la-derrota-del-mallorca-es-normal-que-el-madrid-te-gane","status":"publish","type":"post","link":"https:\/\/podernacional.com\/?p=21570","title":{"rendered":"Javier Aguirre tras la derrota del Mallorca: &#8216;Es normal que el Madrid te gane&#8217;"},"content":{"rendered":"<p>Javier Aguirre reflexion\u00f3 la derrota que tuvo ante el Real Madrid de Carlo Ancelotti, el estratega mexicano declar\u00f3 que perder ante el equipo merengue es normal, adem\u00e1s que el marcador no lo desanima.<\/p>\n<p>\u201cEs hasta normal que el Madrid te gane, lo pelas, no te pas\u00f3 por encima, no fue un 0-5 escandaloso, no nos desanima, es lo que hay, no les puedo pedir m\u00e1s a mis jugadores en cada partido se dejan la piel\u201d, declar\u00f3.<\/p>\n<p>\u201cNos falt\u00f3 frescura y calidad, creo que para competir contra esos equipos, que le sacan 11 puntos al Barcelona tienes que hacer las cosas muy bien, hoy nos falt\u00f3 ese punto de calidad, no tuvimos muchas pero las dos que tuvimos el gol era evitable no lo s\u00e9, El Madrid es un equipo que siempre le gana a todos, que est\u00e1 peleando en Champions\u201d, dijo en conferencia de prensa.<\/p>\n<p>Por otro lado, el Vasco argument\u00f3 que el equipo de Carlo Ancelotti es uno de los mejores en la competencia, y los felicit\u00f3 por el resultado y por el momento que viven en LaLiga.<\/p>\n<p>\u201cSon muy buenos. De una manera o de otra nos iban a marcar. Es el Madrid, si no es por dentro es por fuera, te pintan la cara. Han sido mejores y los felicito\u201d, se\u00f1al\u00f3,<\/p>\n<p>Por su parte, El Vasco aprob\u00f3 la iniciativa de la afici\u00f3n de Mallorca al apoyar a Abd\u00f3n, se\u00f1al\u00f3 que es una pieza fundamental de su plantilla.<\/p>\n<p>\u201cMe gust\u00f3 mucho la reacci\u00f3n de la gente, Abd\u00f3n es un chico extraordinario y es el alma del equipo\u201d, finaliz\u00f3.<\/p>\n<p>&nbsp;<\/p>\n","protected":false},"excerpt":{"rendered":"<p>Javier Aguirre reflexion\u00f3 la derrota que tuvo ante el Real Madrid de Carlo Ancelotti, el estratega mexicano declar\u00f3 que perder ante el equipo merengue es normal, adem\u00e1s que el marcador no lo desanima. \u201cEs hasta normal que el Madrid te gane, lo pelas, no te pas\u00f3 por encima, no fue un 0-5 escandaloso, no nos [&hellip;]<\/p>\n","protected":false},"author":1,"featured_media":21572,"comment_status":"open","ping_status":"closed","sticky":false,"template":"","format":"standard","meta":{"footnotes":""},"categories":[3],"tags":[],"class_list":["post-21570","post","type-post","status-publish","format-standard","has-post-thumbnail","hentry","category-deportes"],"_links":{"self":[{"href":"https:\/\/podernacional.com\/index.php?rest_route=\/wp\/v2\/posts\/21570","targetHints":{"allow":["GET"]}}],"collection":[{"href":"https:\/\/podernacional.com\/index.php?rest_route=\/wp\/v2\/posts"}],"about":[{"href":"https:\/\/podernacional.com\/index.php?rest_route=\/wp\/v2\/types\/post"}],"author":[{"embeddable":true,"href":"https:\/\/podernacional.com\/index.php?rest_route=\/wp\/v2\/users\/1"}],"replies":[{"embeddable":true,"href":"https:\/\/podernacional.com\/index.php?rest_route=%2Fwp%2Fv2%2Fcomments&post=21570"}],"version-history":[{"count":1,"href":"https:\/\/podernacional.com\/index.php?rest_route=\/wp\/v2\/posts\/21570\/revisions"}],"predecessor-version":[{"id":21571,"href":"https:\/\/podernacional.com\/index.php?rest_route=\/wp\/v2\/posts\/21570\/revisions\/21571"}],"wp:featuredmedia":[{"embeddable":true,"href":"https:\/\/podernacional.com\/index.php?rest_route=\/wp\/v2\/media\/21572"}],"wp:attachment":[{"href":"https:\/\/podernacional.com\/index.php?rest_route=%2Fwp%2Fv2%2Fmedia&parent=21570"}],"wp:term":[{"taxonomy":"category","embeddable":true,"href":"https:\/\/podernacional.com\/index.php?rest_route=%2Fwp%2Fv2%2Fcategories&post=21570"},{"taxonomy":"post_tag","embeddable":true,"href":"https:\/\/podernacional.com\/index.php?rest_route=%2Fwp%2Fv2%2Ftags&post=21570"}],"curies":[{"name":"wp","href":"https:\/\/api.w.org\/{rel}","templated":true}]}}