{"id":21735,"date":"2024-04-23T11:45:30","date_gmt":"2024-04-23T16:45:30","guid":{"rendered":"https:\/\/podernacional.com\/?p=21735"},"modified":"2024-04-23T16:45:32","modified_gmt":"2024-04-23T16:45:32","slug":"chukwuemeka-opcion-real-para-llegar-al-mediocampo-del-barcelona-en-verano","status":"publish","type":"post","link":"https:\/\/podernacional.com\/?p=21735","title":{"rendered":"Chukwuemeka, opci\u00f3n real para llegar al mediocampo del Barcelona en verano"},"content":{"rendered":"<p>Barcelona busca reforzar su mediocampo en el pr\u00f3ximo mercado de fichajes, priorizando opciones que se ajusten a las restricciones econ\u00f3micas del club. Entre los candidatos considerados, la posibilidad de incorporar a Guido Rodr\u00edguez del Betis ha cobrado fuerza, destacando su perfil de precio accesible frente a alternativas como Amadou Onana del Everton o Joshua Kimmich del Bayern Munich.<\/p>\n<p>Seg\u00fan reportes de &#8216;TalkSport&#8217;, el club tambi\u00e9n ha mostrado inter\u00e9s en Carney Chukwuemeka, mediocampista de 20 a\u00f1os del Chelsea. Chukwuemeka, conocido por su impresionante f\u00edsico de 1,87 metros, no ha podido desplegar todo su potencial en el Stamford Bridge debido a lesiones recurrentes.<\/p>\n<p>Con un pasado en las inferiores del Aston Villa y considerado como un talento emergente en el futbol ingl\u00e9s, Chukwuemeka se uni\u00f3 al Chelsea hace dos temporadas por 18 millones de euros. A pesar de haber sido vinculado anteriormente con el Barcelona, el club no hab\u00eda apostado por su fichaje.<\/p>\n<p>Ahora, el Barcelona podr\u00eda considerar nuevamente a Chukwuemeka, aprovechando la necesidad del Chelsea de ajustarse a las nuevas regulaciones financieras de la Premier League, lo que podr\u00eda facilitar su adquisici\u00f3n por un precio razonable.<\/p>\n","protected":false},"excerpt":{"rendered":"<p>Barcelona busca reforzar su mediocampo en el pr\u00f3ximo mercado de fichajes, priorizando opciones que se ajusten a las restricciones econ\u00f3micas del club. Entre los candidatos considerados, la posibilidad de incorporar a Guido Rodr\u00edguez del Betis ha cobrado fuerza, destacando su perfil de precio accesible frente a alternativas como Amadou Onana del Everton o Joshua Kimmich [&hellip;]<\/p>\n","protected":false},"author":1,"featured_media":21737,"comment_status":"open","ping_status":"closed","sticky":false,"template":"","format":"standard","meta":{"footnotes":""},"categories":[3],"tags":[],"class_list":["post-21735","post","type-post","status-publish","format-standard","has-post-thumbnail","hentry","category-deportes"],"_links":{"self":[{"href":"https:\/\/podernacional.com\/index.php?rest_route=\/wp\/v2\/posts\/21735","targetHints":{"allow":["GET"]}}],"collection":[{"href":"https:\/\/podernacional.com\/index.php?rest_route=\/wp\/v2\/posts"}],"about":[{"href":"https:\/\/podernacional.com\/index.php?rest_route=\/wp\/v2\/types\/post"}],"author":[{"embeddable":true,"href":"https:\/\/podernacional.com\/index.php?rest_route=\/wp\/v2\/users\/1"}],"replies":[{"embeddable":true,"href":"https:\/\/podernacional.com\/index.php?rest_route=%2Fwp%2Fv2%2Fcomments&post=21735"}],"version-history":[{"count":1,"href":"https:\/\/podernacional.com\/index.php?rest_route=\/wp\/v2\/posts\/21735\/revisions"}],"predecessor-version":[{"id":21736,"href":"https:\/\/podernacional.com\/index.php?rest_route=\/wp\/v2\/posts\/21735\/revisions\/21736"}],"wp:featuredmedia":[{"embeddable":true,"href":"https:\/\/podernacional.com\/index.php?rest_route=\/wp\/v2\/media\/21737"}],"wp:attachment":[{"href":"https:\/\/podernacional.com\/index.php?rest_route=%2Fwp%2Fv2%2Fmedia&parent=21735"}],"wp:term":[{"taxonomy":"category","embeddable":true,"href":"https:\/\/podernacional.com\/index.php?rest_route=%2Fwp%2Fv2%2Fcategories&post=21735"},{"taxonomy":"post_tag","embeddable":true,"href":"https:\/\/podernacional.com\/index.php?rest_route=%2Fwp%2Fv2%2Ftags&post=21735"}],"curies":[{"name":"wp","href":"https:\/\/api.w.org\/{rel}","templated":true}]}}