{"id":21789,"date":"2024-04-26T19:10:50","date_gmt":"2024-04-27T00:10:50","guid":{"rendered":"https:\/\/podernacional.com\/?p=21789"},"modified":"2024-04-27T00:10:52","modified_gmt":"2024-04-27T00:10:52","slug":"jurgen-damm-lamenta-la-destitucion-de-gustavo-leal-del-atletico-de-san-luis","status":"publish","type":"post","link":"https:\/\/podernacional.com\/?p=21789","title":{"rendered":"J\u00fcrgen Damm lamenta la destituci\u00f3n de Gustavo Leal del Atl\u00e9tico de San Luis"},"content":{"rendered":"<p>Antes de que se disputar\u00e1 la \u00faltima jornada de este Clausura 2024, la directiva del Atl\u00e9tico de San Luis inform\u00f3 en conferencia de prensa que el estratega brasile\u00f1o, Gustavo Leal, no seguir\u00e1 m\u00e1s en el banquillo del equipo para la pr\u00f3xima temporada y el duelo vs Santos ser\u00e1 su \u00faltimo partido al mando de los potosinos.<\/p>\n<p>Ante estos hechos, J\u00fcrgen Damm, uno de los jugadores m\u00e1s experimentados en el vestidor de San Luis, dio la cara ante los malos resultados y mencion\u00f3 que al vestidor le entristece la noticia, adem\u00e1s de se\u00f1alar que asumen la responsabilidad de la mala temporada.<\/p>\n<p>\u201cEstamos tristes y asumimos la responsabilidad como jugadores que eso nos corresponde, y al final nosotros somos los que estamos dentro, respald\u00e1ndonos y \u00e9l hizo todo para lo que estaba en sus manos\u201d, declar\u00f3 J\u00fcrgen Damm.<\/p>\n<p>Para el \u00faltimo juego de la temporada y tambi\u00e9n el \u00faltimo de Leal al frente del equipo, Damm mencion\u00f3 que el grupo lo estima bastante, por lo que quieren regalarle una \u00faltima victoria a su entrenador y despedirlo de la instituci\u00f3n de la mejor forma.<\/p>\n<p>\u201cEs una semana complicada, en ese aspecto es regalarle una victoria, dejar un gran partido y entregar el coraz\u00f3n para que sea de la mejor forma el \u00faltimo juego de Gustavo\u201d, mencion\u00f3 Damm.<\/p>\n<p>&nbsp;<\/p>\n","protected":false},"excerpt":{"rendered":"<p>Antes de que se disputar\u00e1 la \u00faltima jornada de este Clausura 2024, la directiva del Atl\u00e9tico de San Luis inform\u00f3 en conferencia de prensa que el estratega brasile\u00f1o, Gustavo Leal, no seguir\u00e1 m\u00e1s en el banquillo del equipo para la pr\u00f3xima temporada y el duelo vs Santos ser\u00e1 su \u00faltimo partido al mando de los [&hellip;]<\/p>\n","protected":false},"author":1,"featured_media":21791,"comment_status":"open","ping_status":"closed","sticky":false,"template":"","format":"standard","meta":{"footnotes":""},"categories":[3],"tags":[],"class_list":["post-21789","post","type-post","status-publish","format-standard","has-post-thumbnail","hentry","category-deportes"],"_links":{"self":[{"href":"https:\/\/podernacional.com\/index.php?rest_route=\/wp\/v2\/posts\/21789","targetHints":{"allow":["GET"]}}],"collection":[{"href":"https:\/\/podernacional.com\/index.php?rest_route=\/wp\/v2\/posts"}],"about":[{"href":"https:\/\/podernacional.com\/index.php?rest_route=\/wp\/v2\/types\/post"}],"author":[{"embeddable":true,"href":"https:\/\/podernacional.com\/index.php?rest_route=\/wp\/v2\/users\/1"}],"replies":[{"embeddable":true,"href":"https:\/\/podernacional.com\/index.php?rest_route=%2Fwp%2Fv2%2Fcomments&post=21789"}],"version-history":[{"count":1,"href":"https:\/\/podernacional.com\/index.php?rest_route=\/wp\/v2\/posts\/21789\/revisions"}],"predecessor-version":[{"id":21790,"href":"https:\/\/podernacional.com\/index.php?rest_route=\/wp\/v2\/posts\/21789\/revisions\/21790"}],"wp:featuredmedia":[{"embeddable":true,"href":"https:\/\/podernacional.com\/index.php?rest_route=\/wp\/v2\/media\/21791"}],"wp:attachment":[{"href":"https:\/\/podernacional.com\/index.php?rest_route=%2Fwp%2Fv2%2Fmedia&parent=21789"}],"wp:term":[{"taxonomy":"category","embeddable":true,"href":"https:\/\/podernacional.com\/index.php?rest_route=%2Fwp%2Fv2%2Fcategories&post=21789"},{"taxonomy":"post_tag","embeddable":true,"href":"https:\/\/podernacional.com\/index.php?rest_route=%2Fwp%2Fv2%2Ftags&post=21789"}],"curies":[{"name":"wp","href":"https:\/\/api.w.org\/{rel}","templated":true}]}}