{"id":21798,"date":"2024-04-27T20:17:26","date_gmt":"2024-04-28T01:17:26","guid":{"rendered":"https:\/\/podernacional.com\/?p=21798"},"modified":"2024-04-28T01:17:28","modified_gmt":"2024-04-28T01:17:28","slug":"ninel-conde-sufre-accidente-al-caer-de-su-bicicleta","status":"publish","type":"post","link":"https:\/\/podernacional.com\/?p=21798","title":{"rendered":"Ninel Conde sufre accidente al caer de su bicicleta"},"content":{"rendered":"<p>Lo que parec\u00eda una paseo com\u00fan y corriente en bicicleta por la orilla de una de las playas de Miami, termin\u00f3 en accidente cuando Ninel Conde perdi\u00f3 el equilibrio.<\/p>\n<p>Por medio de sus redes sociales, la cantante mostr\u00f3 la \u2018expectativa\u2019 de lo que deber\u00eda ser un recorrido por la noche junto a su perrita y con su nueva pareja.<\/p>\n<p>Las im\u00e1genes muestran lo feliz que se ve la actriz al recibir el aire en el rostro como su mascota, pero al final un accidente le arruina el momento perfecto y la c\u00e1mara pierde el enfoque y termina apuntando a la bicicleta en el suelo.<\/p>\n<p>\u00bfQu\u00e9 le pas\u00f3 a Ninel Conde?<br \/>\nAunque su marido se ve sorprendido por el incidente, Ninel Conde presume sus buenos reflejos para no lastimarse: \u201cSi me caigo, caigo parada, \u00a1S\u00cd SE\u00d1OR! La vida es linda y hay que re\u00edrse de momentos como estos. \u00bfA ti te ha pasado algo similar a lo m\u00edo?\u201d.<\/p>\n<p>Con este comentario, El Bomb\u00f3n Asesino dej\u00f3 en claro que no le pas\u00f3 nada pues ni siquiera toc\u00f3 el piso, as\u00ed que pueden estar tranquilos de que no se lastim\u00f3 ni se rasp\u00f3 el cuerpo.<\/p>\n<p>&nbsp;<\/p>\n<p>&nbsp;<\/p>\n","protected":false},"excerpt":{"rendered":"<p>Lo que parec\u00eda una paseo com\u00fan y corriente en bicicleta por la orilla de una de las playas de Miami, termin\u00f3 en accidente cuando Ninel Conde perdi\u00f3 el equilibrio. Por medio de sus redes sociales, la cantante mostr\u00f3 la \u2018expectativa\u2019 de lo que deber\u00eda ser un recorrido por la noche junto a su perrita y [&hellip;]<\/p>\n","protected":false},"author":1,"featured_media":21800,"comment_status":"open","ping_status":"closed","sticky":false,"template":"","format":"standard","meta":{"footnotes":""},"categories":[4],"tags":[],"class_list":["post-21798","post","type-post","status-publish","format-standard","has-post-thumbnail","hentry","category-espectaculos"],"_links":{"self":[{"href":"https:\/\/podernacional.com\/index.php?rest_route=\/wp\/v2\/posts\/21798","targetHints":{"allow":["GET"]}}],"collection":[{"href":"https:\/\/podernacional.com\/index.php?rest_route=\/wp\/v2\/posts"}],"about":[{"href":"https:\/\/podernacional.com\/index.php?rest_route=\/wp\/v2\/types\/post"}],"author":[{"embeddable":true,"href":"https:\/\/podernacional.com\/index.php?rest_route=\/wp\/v2\/users\/1"}],"replies":[{"embeddable":true,"href":"https:\/\/podernacional.com\/index.php?rest_route=%2Fwp%2Fv2%2Fcomments&post=21798"}],"version-history":[{"count":1,"href":"https:\/\/podernacional.com\/index.php?rest_route=\/wp\/v2\/posts\/21798\/revisions"}],"predecessor-version":[{"id":21799,"href":"https:\/\/podernacional.com\/index.php?rest_route=\/wp\/v2\/posts\/21798\/revisions\/21799"}],"wp:featuredmedia":[{"embeddable":true,"href":"https:\/\/podernacional.com\/index.php?rest_route=\/wp\/v2\/media\/21800"}],"wp:attachment":[{"href":"https:\/\/podernacional.com\/index.php?rest_route=%2Fwp%2Fv2%2Fmedia&parent=21798"}],"wp:term":[{"taxonomy":"category","embeddable":true,"href":"https:\/\/podernacional.com\/index.php?rest_route=%2Fwp%2Fv2%2Fcategories&post=21798"},{"taxonomy":"post_tag","embeddable":true,"href":"https:\/\/podernacional.com\/index.php?rest_route=%2Fwp%2Fv2%2Ftags&post=21798"}],"curies":[{"name":"wp","href":"https:\/\/api.w.org\/{rel}","templated":true}]}}