{"id":21822,"date":"2024-04-29T12:02:10","date_gmt":"2024-04-29T17:02:10","guid":{"rendered":"https:\/\/podernacional.com\/?p=21822"},"modified":"2024-04-29T17:02:11","modified_gmt":"2024-04-29T17:02:11","slug":"muere-integrante-de-grupo-firme-eduin-caz-lo-despide-en-redes-te-voy-a-extranar","status":"publish","type":"post","link":"https:\/\/podernacional.com\/?p=21822","title":{"rendered":"Muere integrante de Grupo Firme; Eduin Caz lo despide en redes: \u00abTe voy a extra\u00f1ar\u00bb"},"content":{"rendered":"<p>En plena celebraci\u00f3n de \u00abLa \u00faltima peda\u00bb, como se hace llamar su m\u00e1s reciente gira, Grupo Firme sufri\u00f3 un furo golpe, la muerte de uno de sus integrantes m\u00e1s queridos y que fue dada a conocer esta tarde a trav\u00e9s de las redes sociales.<\/p>\n<p>Fue el vocalista, Eduin Caz, quien, mediante sus historias de Instagram, anunci\u00f3 la p\u00e9rdida de un amigo cercano y miembro de su staff, Jos\u00e9 Iv\u00e1n Zazueta Chavar\u00edn, mejor conocido como conocido como \u00abBoni\u00bb, y quien formaba parte del staff de la exitosa agrupaci\u00f3n.<\/p>\n<p>En su publicaci\u00f3n, Caz comparti\u00f3 una fotograf\u00eda de Jos\u00e9 Iv\u00e1n acompa\u00f1ada con una breve pero dolorosa frase: \u00abTe voy a extra\u00f1ar mi Boni\u00bb, escribi\u00f3.<\/p>\n<p>De la misma manera, la disquera Music VIP, de la que forma parte Firme y para la que tambi\u00e9n trabajaba Boni, emiti\u00f3 un comunicado en el que lament\u00f3 su partida y destac\u00f3 su enorme coraz\u00f3n y la alegr\u00eda que impregn\u00f3 al grupo durante el tiempo que estuvo con ellos.<\/p>\n<p>\u00abQuerido amigo te nos adelantaste en el camino, Gracias por regalarnos la luz de tu sonrisa y acompa\u00f1arnos en este viaje. Hoy la familia de Music VIP y Grupo Firme est\u00e1 de luto. Descansa en paz\u00bb, se puede leer.<\/p>\n<p>Aunque ni la empresa ni Caz dieron detalles sobre el deceso, Isael Rodr\u00edguez, revel\u00f3 que fue un infarto fulminante el que le arrebat\u00f3 la vida.<\/p>\n<p>Seg\u00fan los reportes oficiales, los hechos ocurrieron el pasado s\u00e1bado 27 de abril, alrededor de las 15:30 horas, en un reconocido hotel de Tapachula, ciudad en la que Firme ten\u00eda planeado un concierto.<\/p>\n<p>Pese al suceso, el show se llev\u00f3 a cabo seg\u00fan lo programado; incluso, esa noche, los integrantes le hicieron un emotivo homenaje arriba del escenario.<\/p>\n<p>&nbsp;<\/p>\n<p>&nbsp;<\/p>\n","protected":false},"excerpt":{"rendered":"<p>En plena celebraci\u00f3n de \u00abLa \u00faltima peda\u00bb, como se hace llamar su m\u00e1s reciente gira, Grupo Firme sufri\u00f3 un furo golpe, la muerte de uno de sus integrantes m\u00e1s queridos y que fue dada a conocer esta tarde a trav\u00e9s de las redes sociales. Fue el vocalista, Eduin Caz, quien, mediante sus historias de Instagram, [&hellip;]<\/p>\n","protected":false},"author":1,"featured_media":21824,"comment_status":"open","ping_status":"closed","sticky":false,"template":"","format":"standard","meta":{"footnotes":""},"categories":[4],"tags":[],"class_list":["post-21822","post","type-post","status-publish","format-standard","has-post-thumbnail","hentry","category-espectaculos"],"_links":{"self":[{"href":"https:\/\/podernacional.com\/index.php?rest_route=\/wp\/v2\/posts\/21822","targetHints":{"allow":["GET"]}}],"collection":[{"href":"https:\/\/podernacional.com\/index.php?rest_route=\/wp\/v2\/posts"}],"about":[{"href":"https:\/\/podernacional.com\/index.php?rest_route=\/wp\/v2\/types\/post"}],"author":[{"embeddable":true,"href":"https:\/\/podernacional.com\/index.php?rest_route=\/wp\/v2\/users\/1"}],"replies":[{"embeddable":true,"href":"https:\/\/podernacional.com\/index.php?rest_route=%2Fwp%2Fv2%2Fcomments&post=21822"}],"version-history":[{"count":1,"href":"https:\/\/podernacional.com\/index.php?rest_route=\/wp\/v2\/posts\/21822\/revisions"}],"predecessor-version":[{"id":21823,"href":"https:\/\/podernacional.com\/index.php?rest_route=\/wp\/v2\/posts\/21822\/revisions\/21823"}],"wp:featuredmedia":[{"embeddable":true,"href":"https:\/\/podernacional.com\/index.php?rest_route=\/wp\/v2\/media\/21824"}],"wp:attachment":[{"href":"https:\/\/podernacional.com\/index.php?rest_route=%2Fwp%2Fv2%2Fmedia&parent=21822"}],"wp:term":[{"taxonomy":"category","embeddable":true,"href":"https:\/\/podernacional.com\/index.php?rest_route=%2Fwp%2Fv2%2Fcategories&post=21822"},{"taxonomy":"post_tag","embeddable":true,"href":"https:\/\/podernacional.com\/index.php?rest_route=%2Fwp%2Fv2%2Ftags&post=21822"}],"curies":[{"name":"wp","href":"https:\/\/api.w.org\/{rel}","templated":true}]}}