{"id":2213,"date":"2021-02-03T05:02:02","date_gmt":"2021-02-03T05:02:02","guid":{"rendered":"http:\/\/whatsappcancun.com\/?p=2213"},"modified":"2021-02-03T05:02:02","modified_gmt":"2021-02-03T05:02:02","slug":"trump-es-acusado-de-traicion-sin-precedentes-en-documentos-de-juicio-politico","status":"publish","type":"post","link":"https:\/\/podernacional.com\/?p=2213","title":{"rendered":"Trump es acusado de traici\u00f3n sin precedentes en documentos de juicio pol\u00edtico"},"content":{"rendered":"\n<p>Trump es acusado de traici\u00f3n sin precedentes en documentos de juicio pol\u00edtico.<\/p>\n\n\n\n<p>Las acciones de&nbsp;<strong>Donald Trump<\/strong>&nbsp;antes del asalto al&nbsp;<strong>Congreso<\/strong>&nbsp;el 6 de enero constituyen una \u201ctraici\u00f3n de proporciones hist\u00f3ricas\u201d, acusaron los legisladores dem\u00f3cratas en el juicio pol\u00edtico del expresidente estadounidense, seg\u00fan sus argumentos dados a conocer el martes.<\/p>\n\n\n\n<p>\u201cEl presidente incit\u00f3 a una turba violenta a atacar el&nbsp;<strong>Capitolio<\/strong>&nbsp;de<strong>&nbsp;Estados Unidos<\/strong>\u201d y su \u201cdeseo de permanecer en el poder a cualquier precio es una traici\u00f3n de proporciones hist\u00f3ricas\u201d que \u201cexige una condena\u201d al final de este juicio que comienza el 9 de febrero, se\u00f1alaron.<\/p>\n\n\n\n<p>En su escrito previo al juicio, los miembros de la C\u00e1mara de Representantes presentaron su caso para que el Senado condene a Trump, enfatizando que el pueblo estadounidense debe ser protegido \u201ccontra un presidente que provoca violencia para subvertir nuestra democracia\u201d.<\/p>\n\n\n\n<p>En su argumento, los llamados \u201cgerentes de juicio pol\u00edtico\u201d, todos dem\u00f3cratas, expusieron en el extenso documento de 77 p\u00e1ginas que Trump, al hablar frente a una multitud de partidarios en Washington el 6 de enero pasado, los llev\u00f3 a un frenes\u00ed poco antes de que marcharan hacia el edificio del Capitolio.<\/p>\n\n\n\n<p>El resultado fue de cinco muertos y la amenaza a la vida de los legisladores y del entonces vicepresidente Mike Pence.<\/p>\n\n\n\n<h2 class=\"wp-block-heading\">Trump es acusado de traici\u00f3n sin precedentes en documentos de juicio pol\u00edtico<\/h2>\n\n\n\n<p>\u201cEn una grave traici\u00f3n a su juramento, el presidente&nbsp;Trump&nbsp;incit\u00f3 a una turba violenta a atacar el Capitolio de Estados Unidos\u201d e impidi\u00f3 que el Congreso confirmara a&nbsp;<strong>Joe&nbsp;<\/strong><strong>Biden<\/strong>&nbsp;como el ganador de las elecciones de noviembre, escribieron los legisladores, encabezados por el congresista Jamie Raskin.<\/p>\n\n\n\n<blockquote class=\"wp-block-quote is-layout-flow wp-block-quote-is-layout-flow\"><p>\u201cSi provocar un mot\u00edn insurreccional contra una sesi\u00f3n conjunta del Congreso despu\u00e9s de perder una elecci\u00f3n no es un delito imputable, es dif\u00edcil imaginar cu\u00e1l ser\u00eda\u201d, afirma el escrito.<\/p><\/blockquote>\n\n\n\n<p>Trump&nbsp;fue acusado por la C\u00e1mara de Representantes el 13 de enero por segunda vez en un proceso de juicio pol\u00edtico, luego de ser absuelto de otro en febrero de 2020.<\/p>\n\n\n\n<p>Pero el mandato de&nbsp;Trump&nbsp;termin\u00f3 el 20 de enero, antes del comienzo del juicio en el Senado, lo que llev\u00f3 a los legisladores republicanos a argumentar que es inconstitucional someter a un proceso de destituci\u00f3n a un presidente despu\u00e9s de que haya dejado el cargo.<\/p>\n\n\n\n<p>Es un argumento que se espera que hagan los abogados de&nbsp;Trump&nbsp;en su defensa, pero los dem\u00f3cratas ya rechazaron ese razonamiento rotundamente.<\/p>\n\n\n\n<p>Desde las elecciones del 3 de noviembre, y durante muchas semanas despu\u00e9s,&nbsp;Trump&nbsp;aleg\u00f3 que la reelecci\u00f3n le fue robada mediante un fraude masivo. Decenas de tribunales en varios estados encontraron el argumento infundado.<\/p>\n","protected":false},"excerpt":{"rendered":"<p>Trump es acusado de traici\u00f3n sin precedentes en documentos de juicio pol\u00edtico. Las acciones de&nbsp;Donald Trump&nbsp;antes del asalto al&nbsp;Congreso&nbsp;el 6 de enero constituyen una \u201ctraici\u00f3n de proporciones hist\u00f3ricas\u201d, acusaron los legisladores dem\u00f3cratas en el juicio pol\u00edtico del expresidente estadounidense, seg\u00fan sus argumentos dados a conocer el martes. \u201cEl presidente incit\u00f3 a una turba violenta a [&hellip;]<\/p>\n","protected":false},"author":1,"featured_media":2214,"comment_status":"open","ping_status":"open","sticky":false,"template":"","format":"standard","meta":{"footnotes":""},"categories":[5],"tags":[],"class_list":["post-2213","post","type-post","status-publish","format-standard","has-post-thumbnail","hentry","category-internacional"],"_links":{"self":[{"href":"https:\/\/podernacional.com\/index.php?rest_route=\/wp\/v2\/posts\/2213","targetHints":{"allow":["GET"]}}],"collection":[{"href":"https:\/\/podernacional.com\/index.php?rest_route=\/wp\/v2\/posts"}],"about":[{"href":"https:\/\/podernacional.com\/index.php?rest_route=\/wp\/v2\/types\/post"}],"author":[{"embeddable":true,"href":"https:\/\/podernacional.com\/index.php?rest_route=\/wp\/v2\/users\/1"}],"replies":[{"embeddable":true,"href":"https:\/\/podernacional.com\/index.php?rest_route=%2Fwp%2Fv2%2Fcomments&post=2213"}],"version-history":[{"count":0,"href":"https:\/\/podernacional.com\/index.php?rest_route=\/wp\/v2\/posts\/2213\/revisions"}],"wp:featuredmedia":[{"embeddable":true,"href":"https:\/\/podernacional.com\/index.php?rest_route=\/wp\/v2\/media\/2214"}],"wp:attachment":[{"href":"https:\/\/podernacional.com\/index.php?rest_route=%2Fwp%2Fv2%2Fmedia&parent=2213"}],"wp:term":[{"taxonomy":"category","embeddable":true,"href":"https:\/\/podernacional.com\/index.php?rest_route=%2Fwp%2Fv2%2Fcategories&post=2213"},{"taxonomy":"post_tag","embeddable":true,"href":"https:\/\/podernacional.com\/index.php?rest_route=%2Fwp%2Fv2%2Ftags&post=2213"}],"curies":[{"name":"wp","href":"https:\/\/api.w.org\/{rel}","templated":true}]}}