{"id":22147,"date":"2024-05-27T12:40:37","date_gmt":"2024-05-27T17:40:37","guid":{"rendered":"https:\/\/podernacional.com\/?p=22147"},"modified":"2024-05-27T17:40:38","modified_gmt":"2024-05-27T17:40:38","slug":"pedri-regresa-a-convocatoria-de-espana-para-la-eurocopa-2024","status":"publish","type":"post","link":"https:\/\/podernacional.com\/?p=22147","title":{"rendered":"Pedri regresa a convocatoria de Espa\u00f1a para la Eurocopa 2024"},"content":{"rendered":"<p>La primera llamada de Pedri desde que Luis de la Fuente tom\u00f3 los mandos de la selecci\u00f3n espa\u00f1ola absoluta, m\u00e1s la citaci\u00f3n de Ferm\u00edn L\u00f3pez y Ayoze P\u00e9rez, junto a los regresos de Nacho Fern\u00e1ndez, Aleix Garc\u00eda y Marcos Llorente, son las novedades de la primera lista de 29 jugadores para la disputa de la Eurocopa 2024.<\/p>\n<p>En un acto bajo el lema &#8216;A por la cuarta&#8217;, apadrinado por leyendas de la selecci\u00f3n espa\u00f1ola campeones de la Eurocopa como Jos\u00e9 \u00c1ngel &#8216;Txopo&#8217; Iribar, en 1964, Joan Capdevila, en 2008, y Fernando Torres, que gan\u00f3 y marc\u00f3 en las finales de 2008 y 2012, De la Fuente ofreci\u00f3 una lista de 29 futbolistas que deber\u00e1 reducir a 26 elegidos el pr\u00f3ximo 8 de junio.<\/p>\n<p>Jugadores como Pau Cubars\u00ed y Dani Vivian, que fueron novedades y se estrenaron como internacionales en la \u00faltima llamada para la disputa de dos amistosos ante Colombia y Brasil, repiten en una convocatoria de la que, respecto a la \u00faltima, se caen Pedro Porro, Pablo Sarabia y Gerard Moreno.<\/p>\n","protected":false},"excerpt":{"rendered":"<p>La primera llamada de Pedri desde que Luis de la Fuente tom\u00f3 los mandos de la selecci\u00f3n espa\u00f1ola absoluta, m\u00e1s la citaci\u00f3n de Ferm\u00edn L\u00f3pez y Ayoze P\u00e9rez, junto a los regresos de Nacho Fern\u00e1ndez, Aleix Garc\u00eda y Marcos Llorente, son las novedades de la primera lista de 29 jugadores para la disputa de la [&hellip;]<\/p>\n","protected":false},"author":1,"featured_media":22149,"comment_status":"open","ping_status":"closed","sticky":false,"template":"","format":"standard","meta":{"footnotes":""},"categories":[3],"tags":[],"class_list":["post-22147","post","type-post","status-publish","format-standard","has-post-thumbnail","hentry","category-deportes"],"_links":{"self":[{"href":"https:\/\/podernacional.com\/index.php?rest_route=\/wp\/v2\/posts\/22147","targetHints":{"allow":["GET"]}}],"collection":[{"href":"https:\/\/podernacional.com\/index.php?rest_route=\/wp\/v2\/posts"}],"about":[{"href":"https:\/\/podernacional.com\/index.php?rest_route=\/wp\/v2\/types\/post"}],"author":[{"embeddable":true,"href":"https:\/\/podernacional.com\/index.php?rest_route=\/wp\/v2\/users\/1"}],"replies":[{"embeddable":true,"href":"https:\/\/podernacional.com\/index.php?rest_route=%2Fwp%2Fv2%2Fcomments&post=22147"}],"version-history":[{"count":1,"href":"https:\/\/podernacional.com\/index.php?rest_route=\/wp\/v2\/posts\/22147\/revisions"}],"predecessor-version":[{"id":22148,"href":"https:\/\/podernacional.com\/index.php?rest_route=\/wp\/v2\/posts\/22147\/revisions\/22148"}],"wp:featuredmedia":[{"embeddable":true,"href":"https:\/\/podernacional.com\/index.php?rest_route=\/wp\/v2\/media\/22149"}],"wp:attachment":[{"href":"https:\/\/podernacional.com\/index.php?rest_route=%2Fwp%2Fv2%2Fmedia&parent=22147"}],"wp:term":[{"taxonomy":"category","embeddable":true,"href":"https:\/\/podernacional.com\/index.php?rest_route=%2Fwp%2Fv2%2Fcategories&post=22147"},{"taxonomy":"post_tag","embeddable":true,"href":"https:\/\/podernacional.com\/index.php?rest_route=%2Fwp%2Fv2%2Ftags&post=22147"}],"curies":[{"name":"wp","href":"https:\/\/api.w.org\/{rel}","templated":true}]}}