{"id":22153,"date":"2024-05-27T12:46:24","date_gmt":"2024-05-27T17:46:24","guid":{"rendered":"https:\/\/podernacional.com\/?p=22153"},"modified":"2024-05-27T17:46:26","modified_gmt":"2024-05-27T17:46:26","slug":"comienza-el-desabasto-de-combustible-en-chiapas-por-acciones-de-la-cnte","status":"publish","type":"post","link":"https:\/\/podernacional.com\/?p=22153","title":{"rendered":"Comienza el desabasto de combustible en Chiapas por acciones de la CNTE"},"content":{"rendered":"<p>Tuxtla Guti\u00e9rrez, Chiapas.- Gasolineras de Tuxtla Guti\u00e9rrez y San Crist\u00f3bal de las Casas quedaron sin combustibles debido al bloqueo que docentes adheridos a la Coordinadora Nacional de Trabajadores de la Educaci\u00f3n (CNTE) mantienen hace cuatro d\u00edas al centro de distribuci\u00f3n de Petr\u00f3leos Mexicanos (Pemex) que opera en la salida poniente de esta ciudad.<\/p>\n<p>En San Crist\u00f3bal de las Casas, por lo menos tres gasolineras cerraron al p\u00fablico debido a que las pipas que se abastecen en los dep\u00f3sitos de Pemex de Tuxtla Guti\u00e9rrez no pueden surtirse por el bloqueo magisterial.<\/p>\n<p>&nbsp;<\/p>\n<p>Uno de los despachadores de una gasolinera de la zona poniente de San Crist\u00f3bal de las Casas dijo que desde la noche del s\u00e1bado que no ten\u00edan gasolina.<\/p>\n<p>Quiz\u00e1 el lunes \u00abpodr\u00edamos tener, porque las pipas deben viajar a Veracruz para cargar y traer el combustible\u00bb, coment\u00f3.<\/p>\n<p>En Tuxtla Guti\u00e9rrez, usuarios reportaron tambi\u00e9n que a algunas gasolineras se les agot\u00f3 el combustible, en otras los automovilistas se formaban para abastecer sus veh\u00edculos.<\/p>\n<p>Isael Gonz\u00e1lez V\u00e1zquez, dirigente de la Secci\u00f3n 7, inform\u00f3 en horas recientes que los docentes continuar\u00e1n ocupando el centro de distribuci\u00f3n de Pemex.<\/p>\n<p>Los gobiernos federal y estatal, afirm\u00f3, no han dado respuesta a sus demandas ni al pliego petitorio, de entrada la reforma educativa que sigue vigente con sus da\u00f1os directos al magisterio.<\/p>\n","protected":false},"excerpt":{"rendered":"<p>Tuxtla Guti\u00e9rrez, Chiapas.- Gasolineras de Tuxtla Guti\u00e9rrez y San Crist\u00f3bal de las Casas quedaron sin combustibles debido al bloqueo que docentes adheridos a la Coordinadora Nacional de Trabajadores de la Educaci\u00f3n (CNTE) mantienen hace cuatro d\u00edas al centro de distribuci\u00f3n de Petr\u00f3leos Mexicanos (Pemex) que opera en la salida poniente de esta ciudad. En San [&hellip;]<\/p>\n","protected":false},"author":1,"featured_media":22155,"comment_status":"open","ping_status":"closed","sticky":false,"template":"","format":"standard","meta":{"footnotes":""},"categories":[7],"tags":[],"class_list":["post-22153","post","type-post","status-publish","format-standard","has-post-thumbnail","hentry","category-nacional"],"_links":{"self":[{"href":"https:\/\/podernacional.com\/index.php?rest_route=\/wp\/v2\/posts\/22153","targetHints":{"allow":["GET"]}}],"collection":[{"href":"https:\/\/podernacional.com\/index.php?rest_route=\/wp\/v2\/posts"}],"about":[{"href":"https:\/\/podernacional.com\/index.php?rest_route=\/wp\/v2\/types\/post"}],"author":[{"embeddable":true,"href":"https:\/\/podernacional.com\/index.php?rest_route=\/wp\/v2\/users\/1"}],"replies":[{"embeddable":true,"href":"https:\/\/podernacional.com\/index.php?rest_route=%2Fwp%2Fv2%2Fcomments&post=22153"}],"version-history":[{"count":1,"href":"https:\/\/podernacional.com\/index.php?rest_route=\/wp\/v2\/posts\/22153\/revisions"}],"predecessor-version":[{"id":22154,"href":"https:\/\/podernacional.com\/index.php?rest_route=\/wp\/v2\/posts\/22153\/revisions\/22154"}],"wp:featuredmedia":[{"embeddable":true,"href":"https:\/\/podernacional.com\/index.php?rest_route=\/wp\/v2\/media\/22155"}],"wp:attachment":[{"href":"https:\/\/podernacional.com\/index.php?rest_route=%2Fwp%2Fv2%2Fmedia&parent=22153"}],"wp:term":[{"taxonomy":"category","embeddable":true,"href":"https:\/\/podernacional.com\/index.php?rest_route=%2Fwp%2Fv2%2Fcategories&post=22153"},{"taxonomy":"post_tag","embeddable":true,"href":"https:\/\/podernacional.com\/index.php?rest_route=%2Fwp%2Fv2%2Ftags&post=22153"}],"curies":[{"name":"wp","href":"https:\/\/api.w.org\/{rel}","templated":true}]}}