{"id":22168,"date":"2024-05-28T10:17:19","date_gmt":"2024-05-28T15:17:19","guid":{"rendered":"https:\/\/podernacional.com\/?p=22168"},"modified":"2024-05-28T15:17:20","modified_gmt":"2024-05-28T15:17:20","slug":"mexico-condena-bombardeo-de-israel-en-rafah","status":"publish","type":"post","link":"https:\/\/podernacional.com\/?p=22168","title":{"rendered":"M\u00e9xico condena bombardeo de Israel en Rafah"},"content":{"rendered":"<p>El Gobierno de M\u00e9xico conden\u00f3 el bombardeo israel\u00ed sobre un campo de desplazados en la ciudad de Rafah, en el sur de la Franja de Gaza, que caus\u00f3 la muerte de decenas de civiles.<\/p>\n<p>El Gobierno de M\u00e9xico, a trav\u00e9s de la Secretar\u00eda de Relaciones Exteriores (SRE) \u201ccondena el bombardeo israel\u00ed en Rafah que caus\u00f3 la muerte de decenas de civiles\u201d, apunt\u00f3 en un comunicado la representaci\u00f3n diplom\u00e1tica.<\/p>\n<p>\u201cM\u00e9xico reitera la importancia de cumplir con las normas del derecho internacional humanitario, hace un llamado al cese al fuego y dar cumplimiento con las medidas dictadas por la Corte Internacional de Justicia (CIJ) para permitir as\u00ed un arreglo pol\u00edtico y el ingreso de ayuda humanitaria a Gaza\u201d, a\u00f1adi\u00f3.<\/p>\n<p>En la madrugada de este lunes, Israel bombarde\u00f3 Rafah, de Gaza, para atacar a dos altos cargos de Ham\u00e1s, Yassin Rabia y Khaled Nagar, pero desencaden\u00f3 en una masacre, con al menos 45 personas muertas y decenas de heridas.<\/p>\n<p>La cifra de fallecidos en la guerra de Gaza alcanz\u00f3 los 36 mil 50, 45 de ellos en el ataque contra el mencionado campo de desplazados de Rafah, siendo la mayor\u00eda de estos mujeres, ni\u00f1os o ancianos, seg\u00fan el Ministerio de Sanidad de Gaza, bajo control de Ham\u00e1s.<\/p>\n<p>Adem\u00e1s, cerca de un mill\u00f3n de personas han huido de Rafah, la mayor\u00eda hacia el oeste, en concreto a las playas de Al Mawasi, donde se encuentran hacinados y sin servicios de saneamiento o agua potable.<\/p>\n","protected":false},"excerpt":{"rendered":"<p>El Gobierno de M\u00e9xico conden\u00f3 el bombardeo israel\u00ed sobre un campo de desplazados en la ciudad de Rafah, en el sur de la Franja de Gaza, que caus\u00f3 la muerte de decenas de civiles. El Gobierno de M\u00e9xico, a trav\u00e9s de la Secretar\u00eda de Relaciones Exteriores (SRE) \u201ccondena el bombardeo israel\u00ed en Rafah que caus\u00f3 [&hellip;]<\/p>\n","protected":false},"author":1,"featured_media":22170,"comment_status":"open","ping_status":"closed","sticky":false,"template":"","format":"standard","meta":{"footnotes":""},"categories":[5],"tags":[],"class_list":["post-22168","post","type-post","status-publish","format-standard","has-post-thumbnail","hentry","category-internacional"],"_links":{"self":[{"href":"https:\/\/podernacional.com\/index.php?rest_route=\/wp\/v2\/posts\/22168","targetHints":{"allow":["GET"]}}],"collection":[{"href":"https:\/\/podernacional.com\/index.php?rest_route=\/wp\/v2\/posts"}],"about":[{"href":"https:\/\/podernacional.com\/index.php?rest_route=\/wp\/v2\/types\/post"}],"author":[{"embeddable":true,"href":"https:\/\/podernacional.com\/index.php?rest_route=\/wp\/v2\/users\/1"}],"replies":[{"embeddable":true,"href":"https:\/\/podernacional.com\/index.php?rest_route=%2Fwp%2Fv2%2Fcomments&post=22168"}],"version-history":[{"count":1,"href":"https:\/\/podernacional.com\/index.php?rest_route=\/wp\/v2\/posts\/22168\/revisions"}],"predecessor-version":[{"id":22169,"href":"https:\/\/podernacional.com\/index.php?rest_route=\/wp\/v2\/posts\/22168\/revisions\/22169"}],"wp:featuredmedia":[{"embeddable":true,"href":"https:\/\/podernacional.com\/index.php?rest_route=\/wp\/v2\/media\/22170"}],"wp:attachment":[{"href":"https:\/\/podernacional.com\/index.php?rest_route=%2Fwp%2Fv2%2Fmedia&parent=22168"}],"wp:term":[{"taxonomy":"category","embeddable":true,"href":"https:\/\/podernacional.com\/index.php?rest_route=%2Fwp%2Fv2%2Fcategories&post=22168"},{"taxonomy":"post_tag","embeddable":true,"href":"https:\/\/podernacional.com\/index.php?rest_route=%2Fwp%2Fv2%2Ftags&post=22168"}],"curies":[{"name":"wp","href":"https:\/\/api.w.org\/{rel}","templated":true}]}}