{"id":22204,"date":"2024-06-01T13:59:11","date_gmt":"2024-06-01T18:59:11","guid":{"rendered":"https:\/\/podernacional.com\/?p=22204"},"modified":"2024-06-01T18:59:13","modified_gmt":"2024-06-01T18:59:13","slug":"livin-la-vida-loca-en-veracruz-ricky-martin-confirmado-para-el-carnaval-de-2024","status":"publish","type":"post","link":"https:\/\/podernacional.com\/?p=22204","title":{"rendered":"\u00a1Livin\u2019 la vida loca en Veracruz! Ricky Martin confirmado para el Carnaval de 2024"},"content":{"rendered":"<p>Veracruz se encontrar\u00e1 \u201cviviendo la vida loca\u201d, y es que, este viernes autoridades del estado confirmaron la presencia de Ricky Martin en el tradicional Carnaval de Veracruz, que este 2024 cumple 100 a\u00f1os de existencia.<\/p>\n<p>Luego de varios d\u00edas de misterio, la alcaldesa de Veracruz, Patricia Lobeira Rodr\u00edguez, confirm\u00f3 a trav\u00e9s de un \u201cen vivo\u201d en redes sociales, que el \u00eddolo boricua del pop latino ser\u00eda el artista invitado del Carnaval de Veracruz 2024.<\/p>\n<p>En el video, la alcaldesa del puerto dijo que despu\u00e9s de \u201cun par de d\u00edas en los que hemos estado dando se\u00f1ales de qui\u00e9n va a ser nuestro artista invitado, quiero decirles que ya estamos listos para dar el anuncio\u201d.<\/p>\n<p>Tras el mensaje, Lobeira Rodr\u00edguez coloc\u00f3 un video en el que se puede ver una serie de im\u00e1genes de Ricky Mart\u00edn al ritmo de su famoso tema \u201cVente Pa\u00b4Ca\u201d.<\/p>\n<p>De acuerdo con la publicaci\u00f3n, el exMenudo se presentar\u00e1 el viernes 28 de junio a las 22:00 horas en la Macroplaza del Malec\u00f3n.<\/p>\n<p>\u201cAs\u00ed es, Ricky Mart\u00edn ser\u00e1 nuestro artista invitado, lo decimos con much\u00edsimo gusto, con much\u00edsima alegr\u00eda, esperando que todos est\u00e9n igual de contentos y esperando los 100 a\u00f1os del carnaval m\u00e1s alegre del mundo\u201d, concluy\u00f3 su mensaje la alcaldesa veracruzana.<\/p>\n","protected":false},"excerpt":{"rendered":"<p>Veracruz se encontrar\u00e1 \u201cviviendo la vida loca\u201d, y es que, este viernes autoridades del estado confirmaron la presencia de Ricky Martin en el tradicional Carnaval de Veracruz, que este 2024 cumple 100 a\u00f1os de existencia. Luego de varios d\u00edas de misterio, la alcaldesa de Veracruz, Patricia Lobeira Rodr\u00edguez, confirm\u00f3 a trav\u00e9s de un \u201cen vivo\u201d [&hellip;]<\/p>\n","protected":false},"author":1,"featured_media":22206,"comment_status":"open","ping_status":"closed","sticky":false,"template":"","format":"standard","meta":{"footnotes":""},"categories":[4],"tags":[],"class_list":["post-22204","post","type-post","status-publish","format-standard","has-post-thumbnail","hentry","category-espectaculos"],"_links":{"self":[{"href":"https:\/\/podernacional.com\/index.php?rest_route=\/wp\/v2\/posts\/22204","targetHints":{"allow":["GET"]}}],"collection":[{"href":"https:\/\/podernacional.com\/index.php?rest_route=\/wp\/v2\/posts"}],"about":[{"href":"https:\/\/podernacional.com\/index.php?rest_route=\/wp\/v2\/types\/post"}],"author":[{"embeddable":true,"href":"https:\/\/podernacional.com\/index.php?rest_route=\/wp\/v2\/users\/1"}],"replies":[{"embeddable":true,"href":"https:\/\/podernacional.com\/index.php?rest_route=%2Fwp%2Fv2%2Fcomments&post=22204"}],"version-history":[{"count":1,"href":"https:\/\/podernacional.com\/index.php?rest_route=\/wp\/v2\/posts\/22204\/revisions"}],"predecessor-version":[{"id":22205,"href":"https:\/\/podernacional.com\/index.php?rest_route=\/wp\/v2\/posts\/22204\/revisions\/22205"}],"wp:featuredmedia":[{"embeddable":true,"href":"https:\/\/podernacional.com\/index.php?rest_route=\/wp\/v2\/media\/22206"}],"wp:attachment":[{"href":"https:\/\/podernacional.com\/index.php?rest_route=%2Fwp%2Fv2%2Fmedia&parent=22204"}],"wp:term":[{"taxonomy":"category","embeddable":true,"href":"https:\/\/podernacional.com\/index.php?rest_route=%2Fwp%2Fv2%2Fcategories&post=22204"},{"taxonomy":"post_tag","embeddable":true,"href":"https:\/\/podernacional.com\/index.php?rest_route=%2Fwp%2Fv2%2Ftags&post=22204"}],"curies":[{"name":"wp","href":"https:\/\/api.w.org\/{rel}","templated":true}]}}