{"id":22270,"date":"2024-06-05T10:12:49","date_gmt":"2024-06-05T15:12:49","guid":{"rendered":"https:\/\/podernacional.com\/?p=22270"},"modified":"2024-06-05T15:12:51","modified_gmt":"2024-06-05T15:12:51","slug":"angelica-vale-revela-que-hasta-los-12-anos-no-sabia-leer-espanol","status":"publish","type":"post","link":"https:\/\/podernacional.com\/?p=22270","title":{"rendered":"Ang\u00e9lica Vale revela que hasta los 12 a\u00f1os no sab\u00eda leer espa\u00f1ol"},"content":{"rendered":"<p>Ang\u00e9lica Vale desde hace varios a\u00f1os vive en Estados Unidos con su familia, pero en su ni\u00f1ez y adolescencia vivi\u00f3 en M\u00e9xico en donde comenz\u00f3 su carrera como actriz. Sin embargo, la famosa recientemente se\u00f1al\u00f3 que no sab\u00eda leer espa\u00f1ol hasta que ten\u00eda 12 a\u00f1os.<\/p>\n<p>En entrevista con Isabel Lascurain, Ang\u00e9lica Vale mencion\u00f3 que durante su ni\u00f1ez y parte de su adolescencia estudi\u00f3 en una escuela dedicada al franc\u00e9s, por lo que este idioma lo manejaba muy bien.<\/p>\n<p>Pero de un momento a otro se preocup\u00f3 debido a que, aunque hablaba bien el espa\u00f1ol no sab\u00eda leerlo.<\/p>\n<p>\u201cMe metieron a un colegio franc\u00e9s, donde fui muy feliz. Estudi\u00e9 ah\u00ed hasta sexto de primaria. De repente, me mandaron el libreto de Vaselina, me dicen: \u2018l\u00e9elo\u2019 y yo dije: \u2018No s\u00e9 leer en espa\u00f1ol\u2019\u201d.<\/p>\n<p>En la pl\u00e1tica, Ang\u00e9lica Vale cont\u00f3 que ella le pidi\u00f3 a su mam\u00e1 que la metiera a alg\u00fan colegio donde no le ense\u00f1aran a hablar ingl\u00e9s, pero la escuela en la que estuvo se hablaba todo en franc\u00e9s.<\/p>\n<p>\u201cNo me metieron a la secci\u00f3n mexicana de la escuela francesa. Me metieron a la secci\u00f3n francesa, donde todo era en franc\u00e9s todo el tiempo\u201d.<\/p>\n<p>Ang\u00e9lica Vale se\u00f1al\u00f3 que s\u00ed sab\u00eda leer un poco el espa\u00f1ol, pero lo hac\u00eda como una ni\u00f1a peque\u00f1a debido a que no le hab\u00edan ense\u00f1ado c\u00f3mo hacerlo.<\/p>\n<p>\u201cSab\u00eda leer porque sab\u00eda hablar, pero como ni\u00f1a peque\u00f1a, no pod\u00eda leer bien. Nadie me hab\u00eda ense\u00f1ado bien\u201d.<\/p>\n<p>Finalmente, Ang\u00e9lica Vale mencion\u00f3 que dej\u00f3 la secci\u00f3n francesa de su escuela para entrar a la mexicana. Debido a esto, la actriz perdi\u00f3 varios amigos e incluso se atras\u00f3 un a\u00f1o en sus estudios, pero se dio cuenta de algo sobre el idioma espa\u00f1ol.<\/p>\n<p>\u201cEl espa\u00f1ol era m\u00e1s f\u00e1cil que el franc\u00e9s\u201d.<\/p>\n","protected":false},"excerpt":{"rendered":"<p>Ang\u00e9lica Vale desde hace varios a\u00f1os vive en Estados Unidos con su familia, pero en su ni\u00f1ez y adolescencia vivi\u00f3 en M\u00e9xico en donde comenz\u00f3 su carrera como actriz. Sin embargo, la famosa recientemente se\u00f1al\u00f3 que no sab\u00eda leer espa\u00f1ol hasta que ten\u00eda 12 a\u00f1os. En entrevista con Isabel Lascurain, Ang\u00e9lica Vale mencion\u00f3 que durante [&hellip;]<\/p>\n","protected":false},"author":1,"featured_media":22272,"comment_status":"open","ping_status":"closed","sticky":false,"template":"","format":"standard","meta":{"footnotes":""},"categories":[4],"tags":[],"class_list":["post-22270","post","type-post","status-publish","format-standard","has-post-thumbnail","hentry","category-espectaculos"],"_links":{"self":[{"href":"https:\/\/podernacional.com\/index.php?rest_route=\/wp\/v2\/posts\/22270","targetHints":{"allow":["GET"]}}],"collection":[{"href":"https:\/\/podernacional.com\/index.php?rest_route=\/wp\/v2\/posts"}],"about":[{"href":"https:\/\/podernacional.com\/index.php?rest_route=\/wp\/v2\/types\/post"}],"author":[{"embeddable":true,"href":"https:\/\/podernacional.com\/index.php?rest_route=\/wp\/v2\/users\/1"}],"replies":[{"embeddable":true,"href":"https:\/\/podernacional.com\/index.php?rest_route=%2Fwp%2Fv2%2Fcomments&post=22270"}],"version-history":[{"count":1,"href":"https:\/\/podernacional.com\/index.php?rest_route=\/wp\/v2\/posts\/22270\/revisions"}],"predecessor-version":[{"id":22271,"href":"https:\/\/podernacional.com\/index.php?rest_route=\/wp\/v2\/posts\/22270\/revisions\/22271"}],"wp:featuredmedia":[{"embeddable":true,"href":"https:\/\/podernacional.com\/index.php?rest_route=\/wp\/v2\/media\/22272"}],"wp:attachment":[{"href":"https:\/\/podernacional.com\/index.php?rest_route=%2Fwp%2Fv2%2Fmedia&parent=22270"}],"wp:term":[{"taxonomy":"category","embeddable":true,"href":"https:\/\/podernacional.com\/index.php?rest_route=%2Fwp%2Fv2%2Fcategories&post=22270"},{"taxonomy":"post_tag","embeddable":true,"href":"https:\/\/podernacional.com\/index.php?rest_route=%2Fwp%2Fv2%2Ftags&post=22270"}],"curies":[{"name":"wp","href":"https:\/\/api.w.org\/{rel}","templated":true}]}}