{"id":22291,"date":"2024-06-06T10:40:37","date_gmt":"2024-06-06T15:40:37","guid":{"rendered":"https:\/\/podernacional.com\/?p=22291"},"modified":"2024-06-06T15:40:38","modified_gmt":"2024-06-06T15:40:38","slug":"restricciones-al-asilo-en-ee-uu-autoridades-buscan-orden-y-activistas-critican-su-dureza","status":"publish","type":"post","link":"https:\/\/podernacional.com\/?p=22291","title":{"rendered":"Restricciones al asilo en EE.UU.: Autoridades buscan \u201corden\u201d y activistas critican su dureza"},"content":{"rendered":"<p>Con las nuevas restricciones al asilo en la frontera de Estados Unidos que entraron en vigor esta semana, las autoridades buscan imponer un \u201corden\u201d en la llegada de migrantes.<\/p>\n<p>Sin embargo, para los directores de albergues y los activistas, las nuevas medidas de la Administraci\u00f3n de Joe Biden forman parte de un juego pol\u00edtico que tiene como moneda de cambio la vida de las personas que buscan protecci\u00f3n.<\/p>\n<p>Mediante una orden ejecutiva firmada por el presidente, el Gobierno estadounidense espera impedir que la mayor\u00eda de personas que crucen la frontera de manera irregular puedan pedir asilo, un estatus que solicitan miles de personas a diario para permanecer en el pa\u00eds.<\/p>\n<p>Las nuevas restricciones funcionan con un bot\u00f3n de encendido y otro de apagado para graduar las entradas irregulares: entran en vigor cuando hay una medida sostenida diaria de 2 mil 500 cruces y se congelan solo cuando estos bajen a menos de mil 500.<\/p>\n<p>El alcalde de la ciudad fronteriza de El Paso (Texas), el dem\u00f3crata Oscar Leeser, dijo a EFE que ve estas restricciones como un paso \u201cimportante\u201d para forzar a las personas a usar \u201cv\u00edas legales\u201d para entrar a Estados Unidos.<\/p>\n<p>\u201cCreo que vamos a ver c\u00f3mo las personas van a acudir a los canales adecuados\u201d, destac\u00f3 el pol\u00edtico, quien se uni\u00f3 a un pu\u00f1ado de l\u00edderes locales para acompa\u00f1ar a Biden en la Casa Blanca cuando se anunciaron las restricciones el martes.<\/p>\n<p>Para Leeser, esta decisi\u00f3n de la Administraci\u00f3n dem\u00f3crata \u201celiminar\u00e1 los riesgos\u201d para los migrantes al igual que su explotaci\u00f3n por parte de redes de tr\u00e1fico. \u201cPara el Gobierno, es muy importante la seguridad y tratar a las personas de manera humana\u201d, agreg\u00f3.<\/p>\n<p>La realidad es que, para las personas que se desplazan hacia Estados Unidos o que est\u00e1n en el lado mexicano de la frontera, las opciones para entrar legalmente al pa\u00eds son limitadas.<\/p>\n<p>Para pedir asilo, la ley estadounidense estipula que una persona tiene que estar en territorio estadounidense. Una aplicaci\u00f3n m\u00f3vil, llamada CBP One, es la \u00fanica manera de pedir una cita para presentarse a un puerto de entrada y solicitar la protecci\u00f3n.<\/p>\n<p>Sin embargo, hay un n\u00famero limitado de citas diarias (mil 450) para ocho puertos de entrada en una frontera de m\u00e1s de 3 mil kil\u00f3metros.<\/p>\n<p>Desesperados y ante los peligros que supone quedarse en M\u00e9xico, donde acecha la violencia de los c\u00e1rteles y la inseguridad, miles de migrantes cruzan de manera irregular a Estados Unidos para entregarse a las autoridades.<\/p>\n<p>Hasta ahora, aunque fueran arrestados, ten\u00edan el derecho a pedir asilo, pero la nueva pol\u00edtica de Biden elimina esa posibilidad para \u201cla mayor\u00eda\u201d de las personas, salvo unas pocas excepciones, y permite deportar o enviar de vuelta a M\u00e9xico a los migrantes quienes no califiquen.<\/p>\n<p>Un camino todav\u00eda m\u00e1s peligroso<br \/>\nFernando Garc\u00eda, director de la organizaci\u00f3n Border Network for Human Rights, con sede en El Paso, teme que los personas se vean forzadas a tomar rutas m\u00e1s peligrosas para lograr alcanzar una mejor vida en Estados Unidos.<\/p>\n<p>\u201cVa a haber una crisis mayor de personas cruzando por el desierto y las monta\u00f1as, en una ola de calor sin precedentes; es la combinaci\u00f3n perfecta para que haya m\u00e1s muertes de migrantes\u201d, alerta.<\/p>\n<p>Desde hace tres a\u00f1os, la cantidad de personas que mueren intentando cruzar la frontera ha ido en aumento: en 2023, se registraron 895 fallecimientos, mientras que en 2022 esta cifra fue de 568 y en 2020 de 254, seg\u00fan datos recopilados por la organizaci\u00f3n WOLA.<\/p>\n<p>Garc\u00eda tild\u00f3 de \u201cvergonzosa\u201d la decisi\u00f3n de Biden de promulgar las restricciones y asegur\u00f3 que se trata de una decisi\u00f3n pol\u00edtica, en un a\u00f1o electoral en el que la gesti\u00f3n de la migraci\u00f3n se ha convertido en uno de los temas m\u00e1s importantes para los votantes.<\/p>\n<p>El dem\u00f3crata, opin\u00f3, \u201cest\u00e1 desesperado y quiere mostrarse duro con los migrantes para ganar los votos de los bloques m\u00e1s radicales\u201d del pa\u00eds, frente a su rival republicano, Donald Trump, pionero de la ret\u00f3rica xen\u00f3foba en los \u00faltimos a\u00f1os.<\/p>\n<p>En esto coincide Nora Pimentel, directora de Caridades Cat\u00f3licas en Brownsville, una ciudad tambi\u00e9n en la frontera con M\u00e9xico.<\/p>\n<p>\u201cEsta medida es para demostrarle al pa\u00eds que a\u00fan lleva el control de la frontera\u201d, destac\u00f3, \u201cpero a m\u00ed me preocupa la gente, no debemos olvidar que tenemos una responsabilidad ante la humanidad y de proteger al ser humano\u201d.<\/p>\n","protected":false},"excerpt":{"rendered":"<p>Con las nuevas restricciones al asilo en la frontera de Estados Unidos que entraron en vigor esta semana, las autoridades buscan imponer un \u201corden\u201d en la llegada de migrantes. Sin embargo, para los directores de albergues y los activistas, las nuevas medidas de la Administraci\u00f3n de Joe Biden forman parte de un juego pol\u00edtico que [&hellip;]<\/p>\n","protected":false},"author":1,"featured_media":22293,"comment_status":"open","ping_status":"closed","sticky":false,"template":"","format":"standard","meta":{"footnotes":""},"categories":[5],"tags":[],"class_list":["post-22291","post","type-post","status-publish","format-standard","has-post-thumbnail","hentry","category-internacional"],"_links":{"self":[{"href":"https:\/\/podernacional.com\/index.php?rest_route=\/wp\/v2\/posts\/22291","targetHints":{"allow":["GET"]}}],"collection":[{"href":"https:\/\/podernacional.com\/index.php?rest_route=\/wp\/v2\/posts"}],"about":[{"href":"https:\/\/podernacional.com\/index.php?rest_route=\/wp\/v2\/types\/post"}],"author":[{"embeddable":true,"href":"https:\/\/podernacional.com\/index.php?rest_route=\/wp\/v2\/users\/1"}],"replies":[{"embeddable":true,"href":"https:\/\/podernacional.com\/index.php?rest_route=%2Fwp%2Fv2%2Fcomments&post=22291"}],"version-history":[{"count":1,"href":"https:\/\/podernacional.com\/index.php?rest_route=\/wp\/v2\/posts\/22291\/revisions"}],"predecessor-version":[{"id":22292,"href":"https:\/\/podernacional.com\/index.php?rest_route=\/wp\/v2\/posts\/22291\/revisions\/22292"}],"wp:featuredmedia":[{"embeddable":true,"href":"https:\/\/podernacional.com\/index.php?rest_route=\/wp\/v2\/media\/22293"}],"wp:attachment":[{"href":"https:\/\/podernacional.com\/index.php?rest_route=%2Fwp%2Fv2%2Fmedia&parent=22291"}],"wp:term":[{"taxonomy":"category","embeddable":true,"href":"https:\/\/podernacional.com\/index.php?rest_route=%2Fwp%2Fv2%2Fcategories&post=22291"},{"taxonomy":"post_tag","embeddable":true,"href":"https:\/\/podernacional.com\/index.php?rest_route=%2Fwp%2Fv2%2Ftags&post=22291"}],"curies":[{"name":"wp","href":"https:\/\/api.w.org\/{rel}","templated":true}]}}