{"id":22302,"date":"2024-06-07T23:32:11","date_gmt":"2024-06-08T04:32:11","guid":{"rendered":"https:\/\/podernacional.com\/?p=22302"},"modified":"2024-06-08T04:32:22","modified_gmt":"2024-06-08T04:32:22","slug":"papa-francisco-reclama-un-alto-el-fuego-en-gaza-y-trabajar-por-una-paz-duradera","status":"publish","type":"post","link":"https:\/\/podernacional.com\/?p=22302","title":{"rendered":"Papa Francisco reclama un alto el fuego en Gaza y trabajar por una \u201cpaz duradera\u201d"},"content":{"rendered":"<p>El papa Francisco pidi\u00f3 este viernes un alto el fuego en Gaza y trabajar por una \u201cpaz duradera\u201c, al conmemorar el d\u00e9cimo aniversario del abrazo entre el entonces presidente israel\u00ed Shimon Peres y el palestino Mahmud Ab\u00e1s en los Jardines Vaticanos.<\/p>\n<p>Cada d\u00eda rezo para que esta guerra termine. Pienso en todos los que sufren, en Israel y Palestina, en los cristianos, los jud\u00edos y los musulmanes\u201d, dijo en el acto ante los embajadores israel\u00ed y palestino ante la Santa Sede, Raphael Schutz y e Issa Kassissieh.<\/p>\n<p>El pont\u00edfice lleg\u00f3 en la silla de ruedas que utiliza normalmente por sus conocidos problemas de movilidad ante el olivo que Peres y Ab\u00e1s plantaron juntos en los Jardines Vaticanos hace diez a\u00f1os.<\/p>\n<p>\u201cHoy es importante hacer memoria de ese acontecimiento, de manera especial a la luz de lo que lamentablemente est\u00e1 sucediendo en Israel y en Palestina. Desde hace meses asistimos a una creciente estela de hostilidad y vemos morir ante nuestros ojos a tantos inocentes\u201d, lament\u00f3 el papa Francisco.<\/p>\n<p>El papa aprovech\u00f3 el acto para reclamar un cese del conflicto en la Franja de Gaza, desatado tras el ataque de la milicia de Ham\u00e1s el pasado 7 de octubre y que ha dejado ya una gran destrucci\u00f3n y al menos 36.000 muertos, seg\u00fan las autoridades palestinas.<\/p>\n<p>\u201cPienso en la urgencia de que desde los escombros de Gaza se tome por fin la decisi\u00f3n de detener las armas y, por ello, pido un alto el fuego\u201d, proclam\u00f3.<\/p>\n<p>Francisco tambi\u00e9n reclam\u00f3 la liberaci\u00f3n de los rehenes israel\u00edes \u201clo antes posible\u201d (a\u00fan m\u00e1s de 120, seg\u00fan fuentes de Israel) y la \u201cprotecci\u00f3n\u201d de la poblaci\u00f3n palestina, permitiendo que reciba \u201ctoda la ayuda humanitaria necesaria\u201d.<\/p>\n<p>\u201cPienso en todos los desplazados por los combates y pido que sus casas sean pronto reconstruidas para que puedan volver en paz. Pienso tambi\u00e9n en los palestinos e israel\u00edes de buena voluntad que, entre l\u00e1grimas y sufrimientos, no dejan de aguardar con esperanza la llegada de un d\u00eda nuevo y se esfuerzan por anticipar el alba de un mundo pac\u00edfico\u201d, defendi\u00f3.<\/p>\n<p>El pont\u00edfice denunci\u00f3 una \u201cideolog\u00eda hoy lamentablemente dominante\u201d que sit\u00faa al conflicto o la violencia como \u201cparte del funcionamiento normal de una sociedad\u201d.<\/p>\n<p>Y lament\u00f3 que siempre est\u00e9n en juego \u201clas luchas de poder entre los diferentes grupos sociales, los intereses econ\u00f3micos partidistas, los malabares pol\u00edticos internacionales que apuntan a una paz aparente huyendo de los problemas reales\u201d.<\/p>\n<p>No dejemos de so\u00f1ar con la paz ni de construir relaciones de paz\u201d, anim\u00f3 ante los presentes.<\/p>\n<p>El pont\u00edfice volvi\u00f3 a apoyar la soluci\u00f3n de dos Estados con un estatuto especial para Jerusal\u00e9n.<\/p>\n<p>\u201cTodos debemos trabajar y comprometernos para que se alcance una paz duradera, donde el Estado de Palestina y el Estado de Israel puedan vivir uno al lado del otro, derribando muros de la enemistad y del odio\u201d, inst\u00f3.<\/p>\n<p>As\u00ed, propuso Jerusal\u00e9n como \u201cla ciudad del encuentro fraterno entre cristianos, jud\u00edos y musulmanes\u201d, que a su juicio deber\u00eda estar \u201ctutelada por un estatuto especial garantizado a nivel internacional\u201d.<\/p>\n<p>Francisco termin\u00f3 el acto pronunciando una oraci\u00f3n para invocar la paz ante \u201ctantos momentos de hostilidad y de oscuridad, tanta sangre derramada, tantas vidas destrozadas, tantas esperanzas abatidas\u201d.<\/p>\n","protected":false},"excerpt":{"rendered":"<p>El papa Francisco pidi\u00f3 este viernes un alto el fuego en Gaza y trabajar por una \u201cpaz duradera\u201c, al conmemorar el d\u00e9cimo aniversario del abrazo entre el entonces presidente israel\u00ed Shimon Peres y el palestino Mahmud Ab\u00e1s en los Jardines Vaticanos. Cada d\u00eda rezo para que esta guerra termine. Pienso en todos los que sufren, [&hellip;]<\/p>\n","protected":false},"author":1,"featured_media":22304,"comment_status":"open","ping_status":"closed","sticky":false,"template":"","format":"standard","meta":{"footnotes":""},"categories":[5],"tags":[],"class_list":["post-22302","post","type-post","status-publish","format-standard","has-post-thumbnail","hentry","category-internacional"],"_links":{"self":[{"href":"https:\/\/podernacional.com\/index.php?rest_route=\/wp\/v2\/posts\/22302","targetHints":{"allow":["GET"]}}],"collection":[{"href":"https:\/\/podernacional.com\/index.php?rest_route=\/wp\/v2\/posts"}],"about":[{"href":"https:\/\/podernacional.com\/index.php?rest_route=\/wp\/v2\/types\/post"}],"author":[{"embeddable":true,"href":"https:\/\/podernacional.com\/index.php?rest_route=\/wp\/v2\/users\/1"}],"replies":[{"embeddable":true,"href":"https:\/\/podernacional.com\/index.php?rest_route=%2Fwp%2Fv2%2Fcomments&post=22302"}],"version-history":[{"count":1,"href":"https:\/\/podernacional.com\/index.php?rest_route=\/wp\/v2\/posts\/22302\/revisions"}],"predecessor-version":[{"id":22303,"href":"https:\/\/podernacional.com\/index.php?rest_route=\/wp\/v2\/posts\/22302\/revisions\/22303"}],"wp:featuredmedia":[{"embeddable":true,"href":"https:\/\/podernacional.com\/index.php?rest_route=\/wp\/v2\/media\/22304"}],"wp:attachment":[{"href":"https:\/\/podernacional.com\/index.php?rest_route=%2Fwp%2Fv2%2Fmedia&parent=22302"}],"wp:term":[{"taxonomy":"category","embeddable":true,"href":"https:\/\/podernacional.com\/index.php?rest_route=%2Fwp%2Fv2%2Fcategories&post=22302"},{"taxonomy":"post_tag","embeddable":true,"href":"https:\/\/podernacional.com\/index.php?rest_route=%2Fwp%2Fv2%2Ftags&post=22302"}],"curies":[{"name":"wp","href":"https:\/\/api.w.org\/{rel}","templated":true}]}}