{"id":22314,"date":"2024-06-08T17:01:29","date_gmt":"2024-06-08T22:01:29","guid":{"rendered":"https:\/\/podernacional.com\/?p=22314"},"modified":"2024-06-08T22:01:31","modified_gmt":"2024-06-08T22:01:31","slug":"reportan-aparicion-de-remolino-de-fuego-en-veracruz","status":"publish","type":"post","link":"https:\/\/podernacional.com\/?p=22314","title":{"rendered":"Reportan aparici\u00f3n de remolino de fuego en Veracruz"},"content":{"rendered":"<p>Un fen\u00f3meno natural, conocido como remolino de fuego, lo habr\u00edan grabado pobladores durante un incendio forestal ocurrido en el municipio de \u00c1ngel R. Cabada, en el estado de Veracruz.<\/p>\n<p>En redes sociales ya circula un video en donde, en medio del fuego, las llamas empiezan a girar y formar una columna que poco a poco va movi\u00e9ndose hacia la izquierda en la toma.<\/p>\n<p>Tras avanzar algunos metros, as\u00ed como tomar un color m\u00e1s intenso, al final se disuelve, no sin antes asombrar a las personas que lo presenciaron.<\/p>\n<p>En esta temporada de calor, la Secretar\u00eda de Protecci\u00f3n Civil de Veracruz ha informado que, hasta este jueves 6 de junio, han liquidado 11 incendios.<\/p>\n<p>Asimismo, hay 3 m\u00e1s en proceso de cerrar; mientras tanto, la dependencia estatal atiende otros 21 incendios con significativos avances de control y liquidaci\u00f3n.<\/p>\n<p>Los remolinos de fuego o torbellinos de fuego, son un raro fen\u00f3meno donde la lumbre forma una columna de aire vertical similar a la de los tornados, cuyo n\u00facleo arde, al tiempo que el anillo de aire que hay a su alrededor alimenta las llamas con ox\u00edgeno fresco.<\/p>\n<p>Estos v\u00f3rtices ardientes se mueven con lentitud al tiempo que avanzan arrojando brasas e incendiando todos los objetos que se encuentran a su paso, aunque son poco frecuentes, s\u00ed son extremadamente destructivos.<\/p>\n<p>Los remolinos de fuego surgen en circunstancias \u00fanicas y poco comunes, como son los incendios forestales en los que se producen corrientes convergentes de aire c\u00e1lido.<\/p>\n<p>De acuerdo con la Administraci\u00f3n Nacional de Aeron\u00e1utica y del Espacio (NASA, por sus siglas en ingl\u00e9s), el clima influye en los incendios, y los incendios a su vez influyen en el clima local al producir calor, vapor de agua y humo.<\/p>\n","protected":false},"excerpt":{"rendered":"<p>Un fen\u00f3meno natural, conocido como remolino de fuego, lo habr\u00edan grabado pobladores durante un incendio forestal ocurrido en el municipio de \u00c1ngel R. Cabada, en el estado de Veracruz. En redes sociales ya circula un video en donde, en medio del fuego, las llamas empiezan a girar y formar una columna que poco a poco [&hellip;]<\/p>\n","protected":false},"author":1,"featured_media":22316,"comment_status":"open","ping_status":"closed","sticky":false,"template":"","format":"standard","meta":{"footnotes":""},"categories":[7],"tags":[],"class_list":["post-22314","post","type-post","status-publish","format-standard","has-post-thumbnail","hentry","category-nacional"],"_links":{"self":[{"href":"https:\/\/podernacional.com\/index.php?rest_route=\/wp\/v2\/posts\/22314","targetHints":{"allow":["GET"]}}],"collection":[{"href":"https:\/\/podernacional.com\/index.php?rest_route=\/wp\/v2\/posts"}],"about":[{"href":"https:\/\/podernacional.com\/index.php?rest_route=\/wp\/v2\/types\/post"}],"author":[{"embeddable":true,"href":"https:\/\/podernacional.com\/index.php?rest_route=\/wp\/v2\/users\/1"}],"replies":[{"embeddable":true,"href":"https:\/\/podernacional.com\/index.php?rest_route=%2Fwp%2Fv2%2Fcomments&post=22314"}],"version-history":[{"count":1,"href":"https:\/\/podernacional.com\/index.php?rest_route=\/wp\/v2\/posts\/22314\/revisions"}],"predecessor-version":[{"id":22315,"href":"https:\/\/podernacional.com\/index.php?rest_route=\/wp\/v2\/posts\/22314\/revisions\/22315"}],"wp:featuredmedia":[{"embeddable":true,"href":"https:\/\/podernacional.com\/index.php?rest_route=\/wp\/v2\/media\/22316"}],"wp:attachment":[{"href":"https:\/\/podernacional.com\/index.php?rest_route=%2Fwp%2Fv2%2Fmedia&parent=22314"}],"wp:term":[{"taxonomy":"category","embeddable":true,"href":"https:\/\/podernacional.com\/index.php?rest_route=%2Fwp%2Fv2%2Fcategories&post=22314"},{"taxonomy":"post_tag","embeddable":true,"href":"https:\/\/podernacional.com\/index.php?rest_route=%2Fwp%2Fv2%2Ftags&post=22314"}],"curies":[{"name":"wp","href":"https:\/\/api.w.org\/{rel}","templated":true}]}}