{"id":22320,"date":"2024-06-08T17:17:15","date_gmt":"2024-06-08T22:17:15","guid":{"rendered":"https:\/\/podernacional.com\/?p=22320"},"modified":"2024-06-08T22:17:17","modified_gmt":"2024-06-08T22:17:17","slug":"inicia-gobierno-de-quintana-roo-y-sedatu-trabajos-para-la-escrituracion-y-justicia-social-en-colonia-colosio-playa-del-carmen","status":"publish","type":"post","link":"https:\/\/podernacional.com\/?p=22320","title":{"rendered":"Inicia gobierno de Quintana Roo y SEDATU trabajos para la escrituraci\u00f3n y justicia social en Colonia \u201cColosio\u201d, Playa del Carmen"},"content":{"rendered":"<p>Integrantes del Gobierno de Quintana Roo, encabezado por la Secretaria de Gobierno, Cristina Torres, y el Secretario de Desarrollo , Territorial y Urbano (SEDATU), Rom\u00e1n Meyer Falc\u00f3n, se reunieron para trabajar en la regularizaci\u00f3n de predios de la colonia Luis Donaldo Colosio de Solidaridad, el Gobierno de Quintana Roo<\/p>\n<p>A ra\u00edz del desistimiento de la Desarrolladora de la Riviera Maya (Derimaya) sobre los predios en dicho municipio, se iniciaron las reuniones para facilitar el proceso de escrituraci\u00f3n en favor de las familias que han esperado justicia social durante m\u00e1s de 25 a\u00f1os para legalizar sus propiedades.<\/p>\n","protected":false},"excerpt":{"rendered":"<p>Integrantes del Gobierno de Quintana Roo, encabezado por la Secretaria de Gobierno, Cristina Torres, y el Secretario de Desarrollo , Territorial y Urbano (SEDATU), Rom\u00e1n Meyer Falc\u00f3n, se reunieron para trabajar en la regularizaci\u00f3n de predios de la colonia Luis Donaldo Colosio de Solidaridad, el Gobierno de Quintana Roo A ra\u00edz del desistimiento de la [&hellip;]<\/p>\n","protected":false},"author":1,"featured_media":22322,"comment_status":"open","ping_status":"closed","sticky":false,"template":"","format":"standard","meta":{"footnotes":""},"categories":[6],"tags":[],"class_list":["post-22320","post","type-post","status-publish","format-standard","has-post-thumbnail","hentry","category-local"],"_links":{"self":[{"href":"https:\/\/podernacional.com\/index.php?rest_route=\/wp\/v2\/posts\/22320","targetHints":{"allow":["GET"]}}],"collection":[{"href":"https:\/\/podernacional.com\/index.php?rest_route=\/wp\/v2\/posts"}],"about":[{"href":"https:\/\/podernacional.com\/index.php?rest_route=\/wp\/v2\/types\/post"}],"author":[{"embeddable":true,"href":"https:\/\/podernacional.com\/index.php?rest_route=\/wp\/v2\/users\/1"}],"replies":[{"embeddable":true,"href":"https:\/\/podernacional.com\/index.php?rest_route=%2Fwp%2Fv2%2Fcomments&post=22320"}],"version-history":[{"count":1,"href":"https:\/\/podernacional.com\/index.php?rest_route=\/wp\/v2\/posts\/22320\/revisions"}],"predecessor-version":[{"id":22321,"href":"https:\/\/podernacional.com\/index.php?rest_route=\/wp\/v2\/posts\/22320\/revisions\/22321"}],"wp:featuredmedia":[{"embeddable":true,"href":"https:\/\/podernacional.com\/index.php?rest_route=\/wp\/v2\/media\/22322"}],"wp:attachment":[{"href":"https:\/\/podernacional.com\/index.php?rest_route=%2Fwp%2Fv2%2Fmedia&parent=22320"}],"wp:term":[{"taxonomy":"category","embeddable":true,"href":"https:\/\/podernacional.com\/index.php?rest_route=%2Fwp%2Fv2%2Fcategories&post=22320"},{"taxonomy":"post_tag","embeddable":true,"href":"https:\/\/podernacional.com\/index.php?rest_route=%2Fwp%2Fv2%2Ftags&post=22320"}],"curies":[{"name":"wp","href":"https:\/\/api.w.org\/{rel}","templated":true}]}}