{"id":22341,"date":"2024-06-10T10:51:57","date_gmt":"2024-06-10T15:51:57","guid":{"rendered":"https:\/\/podernacional.com\/?p=22341"},"modified":"2024-06-10T15:51:59","modified_gmt":"2024-06-10T15:51:59","slug":"karol-g-manda-emotivo-mensaje-desde-zurich-tras-convertirse-en-la-mujer-del-ano-todas-somos-la-mujer-de-la-vida","status":"publish","type":"post","link":"https:\/\/podernacional.com\/?p=22341","title":{"rendered":"Karol G manda emotivo mensaje desde Z\u00farich tras convertirse en la mujer del a\u00f1o: \u00abtodas somos la mujer de la vida\u00bb"},"content":{"rendered":"<p>Hace un a\u00f1o fue Shakira, pero este 2024 el premio a la Mujer del A\u00f1o, en la gala Billboard Mujeres Latinas en la M\u00fasica, fue para Karol G.<\/p>\n<p>La llamada \u00abBichota\u00bb fue reconocida por la revista musical por su impacto en la industria de la m\u00fasica a nivel global, adem\u00e1s de su compromiso social y empoderamiento que ha dado a las mujeres con cada una de sus canciones.<\/p>\n<p>Aunque la colombiana era la protagonista de esta noche, no pudo estar presente en la ceremonia debido a que se encuentra en Europa como parte de su gira mundial \u00abMa\u00f1ana ser\u00e1 bonito\u00bb, por lo que su padre fue el encargado de recibir el galard\u00f3n.<\/p>\n<p>A nombre de la artista, Guillermo Giraldo, mejor conocido como Pap\u00e1 G, agradeci\u00f3 a Billboard, a los fans y a cada una de las personas que han contribuido a la carrera de su hija por el reconocimiento: \u201cEstamos muy tristes porque el artista no pudo acompa\u00f1arnos hoy, ya que est\u00e1 en su gira mundial desde Z\u00farich\u201d, comenz\u00f3.<\/p>\n<p>Minutos m\u00e1s tarde y a trav\u00e9s de un mensaje grabado en video, la int\u00e9rprete de \u00abEl Barco\u00bb tambi\u00e9n se expres\u00f3 al respecto: \u201cQuiero agradecer a todas las personas que est\u00e1n en casa, que est\u00e1n trabajando todos los d\u00edas por sus sue\u00f1os, que no desfallecen. No dejen de creer en ustedes y no solo por buscar una meta, sino por hacerse un mundo m\u00e1s bonito, m\u00e1s grande, m\u00e1s especial\u201d, dijo.<\/p>\n<p>Tambi\u00e9n record\u00f3 los desaf\u00edos que ha enfrentado a lo largo de su trayectoria. Habl\u00f3 de a\u00f1os de esfuerzo y sacrificio: \u201cTodos los a\u00f1os de carrera, de trabajo, de esfuerzo, de obst\u00e1culos, de puertas cerradas, de burlas, muchos sacrificios, muchas l\u00e1grimas, pero tambi\u00e9n de mucha felicidad y de much\u00edsima experiencia\u201d, comparti\u00f3, resaltando el valor de los procesos y las lecciones aprendidas.<\/p>\n<p>Concluy\u00f3 su mensaje animando a todas las mujeres a seguir luchando por sus sue\u00f1os, recordando que \u201ctodas somos la Mujer del A\u00f1o, de la vida, de todo\u201d.<\/p>\n<p>Otra figura destacada de la noche fue Kany Garc\u00eda, quien recibi\u00f3 el premio &#8216;Esp\u00edritu de Cambio&#8217;. La puertorrique\u00f1a, al recibir el premio de manos de su amigo Tommy Torres, hizo un poderoso llamado a la solidaridad y acci\u00f3n entre las mujeres latinas y levant\u00f3 su voz por Palestina. \u201cEl cambio solamente viene de la lucha y de la valent\u00eda, y de no tener miedo\u201d, afirm\u00f3, recordando la urgencia de los cambios en la sociedad actual.<\/p>\n<p>Tambi\u00e9n aprovech\u00f3 la ocasi\u00f3n para celebrar el mes del orgullo LGBTQ+, dedicando el premio a la comunidad y destacando la importancia de visibilizar y celebrar la diversidad en junio.<\/p>\n<p>Emilio Estefan tambi\u00e9n subi\u00f3 al escenario para entregar un premio a su esposa, la ic\u00f3nica Gloria Estefan. Emilio record\u00f3 los desaf\u00edos de su carrera y su primer encuentro con Gloria en una boda, destacando el valor de mantener la cultura y la nacionalidad con orgullo.<\/p>\n<p>\u201c\u00c9ramos ni\u00f1os que hab\u00edamos nacido con un sonido que era diferente y era tan dif\u00edcil porque nadie nos quer\u00eda\u201d. Gloria destac\u00f3 la importancia de mantener la cultura y la nacionalidad con orgullo, especialmente en la comunidad latina en Estados Unidos.<\/p>\n<p>La joven cantante \u00c1ngela Aguilar rindi\u00f3 homenaje a su padre con la interpretaci\u00f3n de \u201cMe vas a extra\u00f1ar\u201d y recibi\u00f3 el premio \u2018Dinast\u00eda Musical\u2019. El emotivo mensaje de su padre, Pepe Aguilar, proyectado en video, conmocion\u00f3 tanto a \u00c1ngela como al p\u00fablico asistente.<\/p>\n<p>En su discurso, la integrante de la Dinast\u00eda Aguilar habl\u00f3 sobre el legado familiar y el papel crucial de las mujeres en su vida, enviando un mensaje inspirador a las ni\u00f1as que sue\u00f1an con ser cantantes: \u201cS\u00ed se puede y m\u00e1s en la m\u00fasica mexicana\u201d.<\/p>\n<p>&nbsp;<\/p>\n","protected":false},"excerpt":{"rendered":"<p>Hace un a\u00f1o fue Shakira, pero este 2024 el premio a la Mujer del A\u00f1o, en la gala Billboard Mujeres Latinas en la M\u00fasica, fue para Karol G. La llamada \u00abBichota\u00bb fue reconocida por la revista musical por su impacto en la industria de la m\u00fasica a nivel global, adem\u00e1s de su compromiso social y [&hellip;]<\/p>\n","protected":false},"author":1,"featured_media":22343,"comment_status":"open","ping_status":"closed","sticky":false,"template":"","format":"standard","meta":{"footnotes":""},"categories":[4],"tags":[],"class_list":["post-22341","post","type-post","status-publish","format-standard","has-post-thumbnail","hentry","category-espectaculos"],"_links":{"self":[{"href":"https:\/\/podernacional.com\/index.php?rest_route=\/wp\/v2\/posts\/22341","targetHints":{"allow":["GET"]}}],"collection":[{"href":"https:\/\/podernacional.com\/index.php?rest_route=\/wp\/v2\/posts"}],"about":[{"href":"https:\/\/podernacional.com\/index.php?rest_route=\/wp\/v2\/types\/post"}],"author":[{"embeddable":true,"href":"https:\/\/podernacional.com\/index.php?rest_route=\/wp\/v2\/users\/1"}],"replies":[{"embeddable":true,"href":"https:\/\/podernacional.com\/index.php?rest_route=%2Fwp%2Fv2%2Fcomments&post=22341"}],"version-history":[{"count":1,"href":"https:\/\/podernacional.com\/index.php?rest_route=\/wp\/v2\/posts\/22341\/revisions"}],"predecessor-version":[{"id":22342,"href":"https:\/\/podernacional.com\/index.php?rest_route=\/wp\/v2\/posts\/22341\/revisions\/22342"}],"wp:featuredmedia":[{"embeddable":true,"href":"https:\/\/podernacional.com\/index.php?rest_route=\/wp\/v2\/media\/22343"}],"wp:attachment":[{"href":"https:\/\/podernacional.com\/index.php?rest_route=%2Fwp%2Fv2%2Fmedia&parent=22341"}],"wp:term":[{"taxonomy":"category","embeddable":true,"href":"https:\/\/podernacional.com\/index.php?rest_route=%2Fwp%2Fv2%2Fcategories&post=22341"},{"taxonomy":"post_tag","embeddable":true,"href":"https:\/\/podernacional.com\/index.php?rest_route=%2Fwp%2Fv2%2Ftags&post=22341"}],"curies":[{"name":"wp","href":"https:\/\/api.w.org\/{rel}","templated":true}]}}