{"id":22407,"date":"2024-06-18T12:48:42","date_gmt":"2024-06-18T17:48:42","guid":{"rendered":"https:\/\/podernacional.com\/?p=22407"},"modified":"2024-06-18T17:48:44","modified_gmt":"2024-06-18T17:48:44","slug":"laliga-anuncia-su-calendario-para-la-temporada-2024-2025-empezara-tras-juegos-olimpicos","status":"publish","type":"post","link":"https:\/\/podernacional.com\/?p=22407","title":{"rendered":"LaLiga anuncia su calendario para la temporada 2024-2025, empezar\u00e1 tras Juegos Ol\u00edmpicos"},"content":{"rendered":"<p>La emoci\u00f3n del futbol espa\u00f1ol regresa con fuerza. La Liga EASports ha presentado su calendario completo para la temporada 2024\/2025, donde el Real Madrid, actual campe\u00f3n, se enfrentar\u00e1 a un Bar\u00e7a, un Atl\u00e9tico de Madrid y un Girona que llegan con hambre de t\u00edtulo.<\/p>\n<p>Fechas Clave:<\/p>\n<p>Jornada 1: Arranca la temporada el fin de semana del 16, 17 y 18 de agosto de 2024, una semana despu\u00e9s de los Juegos Ol\u00edmpicos.<br \/>\nJornada 38: El tel\u00f3n baja el fin de semana del 23, 24 y 25 de mayo de 2025.<\/p>\n<p>Los Cl\u00e1sicos:<\/p>\n<p>Ida: El primer Real Madrid-Bar\u00e7a se juega en el Santiago Bernab\u00e9u la jornada 11, el fin de semana del 26 y 27 de octubre de 2024.<br \/>\nVuelta: El Camp Nou recibe el cl\u00e1sico en la jornada 35, el fin de semana del 10 y 11 de mayo de 2025.<\/p>\n<p>Otros Duelos Imperdibles:<\/p>\n<p>Derbi Andaluz: Sevilla FC y Real Betis se enfrentan por primera vez en la jornada 9, el fin de semana del 5 y 6 de octubre de 2024. La vuelta ser\u00e1 en la jornada 29, el fin de semana del 29 y 30 de marzo de 2025.<br \/>\nDuelo Vasco: Athletic Club y Real Sociedad se miden en San Mam\u00e9s la jornada 14, el fin de semana del 23 y 24 de noviembre de 2024. La revancha en el Reale Arena llega la jornada 34, el fin de semana del 3 y 4 de mayo de 2025.<br \/>\nDerbi Madrile\u00f1o: La capital espa\u00f1ola se paraliza con el primer Atl\u00e9tico de Madrid &#8211; Real Madrid de la jornada 8, el fin de semana del 28 y 29 de septiembre de 2024. La vuelta en el Bernab\u00e9u ser\u00e1 la jornada 23, el fin de semana del 8 y 9 de febrero de 2025.<br \/>\nUna temporada llena de emociones y rivalidades espera a los aficionados del f\u00fatbol espa\u00f1ol e internacional. No te pierdas ning\u00fan detalle de la apasionante Liga EASports 2024\/2025.<\/p>\n","protected":false},"excerpt":{"rendered":"<p>La emoci\u00f3n del futbol espa\u00f1ol regresa con fuerza. La Liga EASports ha presentado su calendario completo para la temporada 2024\/2025, donde el Real Madrid, actual campe\u00f3n, se enfrentar\u00e1 a un Bar\u00e7a, un Atl\u00e9tico de Madrid y un Girona que llegan con hambre de t\u00edtulo. Fechas Clave: Jornada 1: Arranca la temporada el fin de semana [&hellip;]<\/p>\n","protected":false},"author":1,"featured_media":0,"comment_status":"open","ping_status":"closed","sticky":false,"template":"","format":"standard","meta":{"footnotes":""},"categories":[3],"tags":[],"class_list":["post-22407","post","type-post","status-publish","format-standard","hentry","category-deportes"],"_links":{"self":[{"href":"https:\/\/podernacional.com\/index.php?rest_route=\/wp\/v2\/posts\/22407","targetHints":{"allow":["GET"]}}],"collection":[{"href":"https:\/\/podernacional.com\/index.php?rest_route=\/wp\/v2\/posts"}],"about":[{"href":"https:\/\/podernacional.com\/index.php?rest_route=\/wp\/v2\/types\/post"}],"author":[{"embeddable":true,"href":"https:\/\/podernacional.com\/index.php?rest_route=\/wp\/v2\/users\/1"}],"replies":[{"embeddable":true,"href":"https:\/\/podernacional.com\/index.php?rest_route=%2Fwp%2Fv2%2Fcomments&post=22407"}],"version-history":[{"count":1,"href":"https:\/\/podernacional.com\/index.php?rest_route=\/wp\/v2\/posts\/22407\/revisions"}],"predecessor-version":[{"id":22408,"href":"https:\/\/podernacional.com\/index.php?rest_route=\/wp\/v2\/posts\/22407\/revisions\/22408"}],"wp:attachment":[{"href":"https:\/\/podernacional.com\/index.php?rest_route=%2Fwp%2Fv2%2Fmedia&parent=22407"}],"wp:term":[{"taxonomy":"category","embeddable":true,"href":"https:\/\/podernacional.com\/index.php?rest_route=%2Fwp%2Fv2%2Fcategories&post=22407"},{"taxonomy":"post_tag","embeddable":true,"href":"https:\/\/podernacional.com\/index.php?rest_route=%2Fwp%2Fv2%2Ftags&post=22407"}],"curies":[{"name":"wp","href":"https:\/\/api.w.org\/{rel}","templated":true}]}}