{"id":22409,"date":"2024-06-18T12:50:55","date_gmt":"2024-06-18T17:50:55","guid":{"rendered":"https:\/\/podernacional.com\/?p=22409"},"modified":"2024-06-18T17:50:57","modified_gmt":"2024-06-18T17:50:57","slug":"es-desafiante-y-esta-muy-enamorada-maryfer-centeno-analiza-nuevas-fotos-y-tatuaje-de-angela-aguilar","status":"publish","type":"post","link":"https:\/\/podernacional.com\/?p=22409","title":{"rendered":"\u2018Es desafiante y est\u00e1 muy enamorada\u2019 Maryfer Centeno analiza nuevas fotos y tatuaje de \u00c1ngela Aguilar"},"content":{"rendered":"<p>Ayer, \u00c1ngela Aguilar rompi\u00f3 el silencio y en una entrevista exclusiva para una conocida revista se sincer\u00f3 sobre su romance con Christian Nodal e hizo frente a las cr\u00edticas que ha recibido, en donde ha sido tachada de rompe hogares y de mala amiga.<\/p>\n<p>La publicaci\u00f3n comparti\u00f3 adem\u00e1s una serie de fotograf\u00edas y un tatuaje, aparentemente en honor a su novio que de inmediato fueron analizados por Maryfer Centeno revelando que la cantante al parecer esta completamente flechada por el exnovio de Belinda.<\/p>\n<p>A trav\u00e9s de sus redes sociales, la graf\u00f3loga comparti\u00f3 que, en las nuevas im\u00e1genes, la joven luce sumamente desafiante y mucho m\u00e1s adulta, en donde, adem\u00e1s, denota una gran sensualidad y luce muy sexy dejando de lado la imagen ani\u00f1ada con la que se dio a conocer al lado de su padre.<\/p>\n<p>De acuerdo con Centeno, \u00c1ngela est\u00e1 en un momento cumbre en su vida y convirti\u00e9ndose en una mujer que hace frente a los problemas, en este caso al qu\u00e9 dir\u00e1n en medio de la pol\u00e9mica generada tras revelar su relaci\u00f3n con Nodal a pocas semanas de haber terminado con Cazzu, con quien mantuvo una relaci\u00f3n de dos a\u00f1os y tienen una hija en com\u00fan.<\/p>\n<p>Nuevo tatuaje de \u00c1ngela Aguilar revela que est\u00e1 perdidamente enamorada<br \/>\nEn otro video, la graf\u00f3loga se dio a la tarea de analizar el nuevo video de la cantante que supuestamente se habr\u00eda hecho en honor a Christian Nodal, pues al parecer son sus iniciales y qu\u00e9 \u00c1ngela muestra con orgullo en la portada de la revista.<\/p>\n<p>\u201cDicen que las personas que tienen tatuajes son m\u00e1s atrevidas en el delicioso\u201d, expres\u00f3 Maryfer.<\/p>\n<p>\u00c1ngela Aguilar se habr\u00eda tatuado las iniciales de su novio con Alessandro Capozzi, un tatuador italiano que el 6 de junio subi\u00f3 un video mientras atend\u00eda a la cantante.<\/p>\n<p>La graf\u00f3loga explic\u00f3 que, cuando una persona est\u00e1 muy enamorada, la racionalidad se ve disminuida, lo que la habr\u00eda llevado a hacer locura de tatuarse, sin embrago record\u00f3 que el enamoramiento es ef\u00edmero.<\/p>\n<p>\u00abEstamos hablando de un tatuaje que tiene absolutamente un origen emocional, que es una forma de expresar el compromiso que siente, la pertenencia que siente hacia Christian Nodal. Pero tambi\u00e9n la sensaci\u00f3n de superar las cr\u00edticas que incluso ella dice que si le pegan, que le duele. Es decirle al mundo, no me importa. Tatuarse en la mano, es el \u00e1rea de la comunicaci\u00f3n, se est\u00e1 tatuando en un lugar muy obvio es como gritarle al mundo que est\u00e1 enamorad\u00edsima\u00bb, dijo Maryfer Centeno.<\/p>\n<p>&nbsp;<\/p>\n","protected":false},"excerpt":{"rendered":"<p>Ayer, \u00c1ngela Aguilar rompi\u00f3 el silencio y en una entrevista exclusiva para una conocida revista se sincer\u00f3 sobre su romance con Christian Nodal e hizo frente a las cr\u00edticas que ha recibido, en donde ha sido tachada de rompe hogares y de mala amiga. La publicaci\u00f3n comparti\u00f3 adem\u00e1s una serie de fotograf\u00edas y un tatuaje, [&hellip;]<\/p>\n","protected":false},"author":1,"featured_media":22411,"comment_status":"open","ping_status":"closed","sticky":false,"template":"","format":"standard","meta":{"footnotes":""},"categories":[4],"tags":[],"class_list":["post-22409","post","type-post","status-publish","format-standard","has-post-thumbnail","hentry","category-espectaculos"],"_links":{"self":[{"href":"https:\/\/podernacional.com\/index.php?rest_route=\/wp\/v2\/posts\/22409","targetHints":{"allow":["GET"]}}],"collection":[{"href":"https:\/\/podernacional.com\/index.php?rest_route=\/wp\/v2\/posts"}],"about":[{"href":"https:\/\/podernacional.com\/index.php?rest_route=\/wp\/v2\/types\/post"}],"author":[{"embeddable":true,"href":"https:\/\/podernacional.com\/index.php?rest_route=\/wp\/v2\/users\/1"}],"replies":[{"embeddable":true,"href":"https:\/\/podernacional.com\/index.php?rest_route=%2Fwp%2Fv2%2Fcomments&post=22409"}],"version-history":[{"count":1,"href":"https:\/\/podernacional.com\/index.php?rest_route=\/wp\/v2\/posts\/22409\/revisions"}],"predecessor-version":[{"id":22410,"href":"https:\/\/podernacional.com\/index.php?rest_route=\/wp\/v2\/posts\/22409\/revisions\/22410"}],"wp:featuredmedia":[{"embeddable":true,"href":"https:\/\/podernacional.com\/index.php?rest_route=\/wp\/v2\/media\/22411"}],"wp:attachment":[{"href":"https:\/\/podernacional.com\/index.php?rest_route=%2Fwp%2Fv2%2Fmedia&parent=22409"}],"wp:term":[{"taxonomy":"category","embeddable":true,"href":"https:\/\/podernacional.com\/index.php?rest_route=%2Fwp%2Fv2%2Fcategories&post=22409"},{"taxonomy":"post_tag","embeddable":true,"href":"https:\/\/podernacional.com\/index.php?rest_route=%2Fwp%2Fv2%2Ftags&post=22409"}],"curies":[{"name":"wp","href":"https:\/\/api.w.org\/{rel}","templated":true}]}}