{"id":22432,"date":"2024-06-19T12:28:38","date_gmt":"2024-06-19T17:28:38","guid":{"rendered":"https:\/\/podernacional.com\/?p=22432"},"modified":"2024-06-19T17:28:40","modified_gmt":"2024-06-19T17:28:40","slug":"america-latina-enfrenta-seis-crisis-humanitarias-que-dejan-23-millones-de-desplazados","status":"publish","type":"post","link":"https:\/\/podernacional.com\/?p=22432","title":{"rendered":"Am\u00e9rica Latina enfrenta seis crisis humanitarias que dejan 23 millones de desplazados"},"content":{"rendered":"<p>En Am\u00e9rica Latina y el Caribe hay 23 millones de personas refugiadas, desplazadas internas o ap\u00e1tridas como consecuencia de seis grandes crisis humanitarias que ponen a la regi\u00f3n en una emergencia sin precedentes, seg\u00fan cifras divulgadas por ACNUR en v\u00edsperas del D\u00eda Mundial del Refugiado.<\/p>\n<p>Los datos hacen parte del informe anual publicado el pasado 13 de junio por la Agencia de Naciones Unidas para los Refugiados (ACNUR), que este mi\u00e9rcoles y jueves celebrar\u00e1 en Bogot\u00e1, con el apoyo del Gobierno de Chile, la Tercera consulta del proceso de \u2018Cartagena +40\u2018, en la que pa\u00edses de Am\u00e9rica Latina y el Caribe buscar\u00e1n soluciones para el desplazamiento provocado tambi\u00e9n por desastres y por efectos de la crisis clim\u00e1tica.<\/p>\n<p>Las seis crisis que han hecho crecer el n\u00famero de desplazados en la regi\u00f3n est\u00e1n focalizadas en el norte de Centroam\u00e9rica, tri\u00e1ngulo formado por Guatemala, Honduras y El Salvador; en Nicaragua, Hait\u00ed, Colombia, Venezuela y Ecuador, explica el jefe de Relaciones Externas de la Oficina de ACNUR para las Am\u00e9ricas, Juan Carlos Murillo.<\/p>\n<p>El desplazamiento forzado en nuestra regi\u00f3n se ha tornado en una situaci\u00f3n sin precedentes en t\u00e9rminos no solamente de cifras sino tambi\u00e9n de complejidad. En la actualidad tenemos seis grandes crisis humanitarias que atraviesan el continente y est\u00e1n generando grandes desplazamientos\u201d, indic\u00f3 el funcionario a EFE.<\/p>\n<p>Desplazados en Centroam\u00e9rica<br \/>\nSeg\u00fan Murillo, en el caso de Guatemala, Honduras y El Salvador, por la violencia del crimen organizado y otros factores, como el cambio clim\u00e1tico, \u201cm\u00e1s de un mill\u00f3n de personas se han visto forzadas a abandonar sus pa\u00edses de origen y se han convertido en solicitantes de asilo, refugiados, desplazados internos o retornados con necesidades de protecci\u00f3n\u201d.<\/p>\n<p>En la misma regi\u00f3n est\u00e1 tambi\u00e9n Nicaragua, \u201ccon m\u00e1s de 200 mil personas que se han visto forzadas a huir de su pa\u00eds principalmente por temas pol\u00edticos y la situaci\u00f3n de derechos humanos\u201d.<\/p>\n<p>La persecuci\u00f3n del Gobierno de Daniel Ortega a sus opositores pol\u00edticos lo ha llevado adem\u00e1s a retirar la nacionalidad a decenas de nicarag\u00fcenses, convirti\u00e9ndolos en ap\u00e1tridas, se\u00f1ala<\/p>\n<p>\u201cEn tercer lugar est\u00e1 la situaci\u00f3n de Hait\u00ed, con m\u00e1s de 580 mil personas desplazadas internas y 800.000 personas necesitadas de protecci\u00f3n internacional en distintas partes del continente\u201d, agreg\u00f3 Murillo sobre la crisis de violencia pol\u00edtica que vive la naci\u00f3n antillana. Adem\u00e1s hay 5.5 millones necesitados de asistencia humanitaria.<\/p>\n<p>Crisis en Sudam\u00e9rica<br \/>\nOtra crisis est\u00e1 en Colombia, donde el persistente conflicto armado provoca \u201cun desplazamiento interno que afecta m\u00e1s de 6,9 millones de personas\u201d a los que se suman \u201cmovimientos trasfronterizos de personas colombianas necesitadas de protecci\u00f3n internacional\u201d.<\/p>\n<p>Entre las crisis identificadas y atendidas por ACNUR est\u00e1 tambi\u00e9n \u201cla situaci\u00f3n de Venezuela, con m\u00e1s de 7,7 millones de personas que han abandonado su pa\u00eds como refugiadas y migrantes, de las cuales 6,6 millones se encuentran en pa\u00edses de Am\u00e9rica Latina y el Caribe\u201d.<\/p>\n<p>Finalmente est\u00e1 Ecuador donde ante la inseguridad y la violencia del crimen organizado \u201cmuchas personas han tenido que desplazarse al interior de su pa\u00eds o han cruzado una frontera internacional en busca de protecci\u00f3n y seguridad\u201d.<\/p>\n<p>Seg\u00fan cifras de ACNUR, de las 520 mil 85 personas que cruzaron el a\u00f1o pasado el tap\u00f3n del Dari\u00e9n en direcci\u00f3n al norte del continente, los ecuatorianos fueron la segunda nacionalidad, con 57.250 migrantes, superados solo por los venezolanos, que fueron 328 mil 650.<\/p>\n<p>Se calcula que, si se suma a quienes salieron el a\u00f1o pasado de Ecuador por v\u00eda a\u00e9rea con destino a Estados Unidos, unos 75 mil ecuatorianos est\u00e1n en condici\u00f3n de refugiados o desplazados.<\/p>\n<p>Cartagena +40<br \/>\nEn la reuni\u00f3n \u2018Cartagena +40\u2019, convocada por ACNUR y el Gobierno chileno para esta semana en Bogot\u00e1 los pa\u00edses latinoamericanos, organizaciones de la sociedad civil, acad\u00e9micos, sector privado y organismos financieros discutir\u00e1n a puerta cerrada los desaf\u00edos de la regi\u00f3n 40 a\u00f1os despu\u00e9s de la aprobaci\u00f3n de la Declaraci\u00f3n de Cartagena sobre los Refugiados.<\/p>\n<p>En esta ocasi\u00f3n el foco estar\u00e1 puesto en los refugiados y desplazados por el cambio clim\u00e1tico y desastres naturales.<\/p>\n<p>\u201cEstimamos que el n\u00famero de desplazados internos va a aumentar por el calentamiento global, entonces el mensaje es que hay que combatir el cambio clim\u00e1tico\u201d, se\u00f1al\u00f3 el jefe de la Secretar\u00eda de la Plataforma de Desplazamiento por Desastres, Atle Solberg.<\/p>\n","protected":false},"excerpt":{"rendered":"<p>En Am\u00e9rica Latina y el Caribe hay 23 millones de personas refugiadas, desplazadas internas o ap\u00e1tridas como consecuencia de seis grandes crisis humanitarias que ponen a la regi\u00f3n en una emergencia sin precedentes, seg\u00fan cifras divulgadas por ACNUR en v\u00edsperas del D\u00eda Mundial del Refugiado. Los datos hacen parte del informe anual publicado el pasado [&hellip;]<\/p>\n","protected":false},"author":1,"featured_media":22434,"comment_status":"open","ping_status":"closed","sticky":false,"template":"","format":"standard","meta":{"footnotes":""},"categories":[5],"tags":[],"class_list":["post-22432","post","type-post","status-publish","format-standard","has-post-thumbnail","hentry","category-internacional"],"_links":{"self":[{"href":"https:\/\/podernacional.com\/index.php?rest_route=\/wp\/v2\/posts\/22432","targetHints":{"allow":["GET"]}}],"collection":[{"href":"https:\/\/podernacional.com\/index.php?rest_route=\/wp\/v2\/posts"}],"about":[{"href":"https:\/\/podernacional.com\/index.php?rest_route=\/wp\/v2\/types\/post"}],"author":[{"embeddable":true,"href":"https:\/\/podernacional.com\/index.php?rest_route=\/wp\/v2\/users\/1"}],"replies":[{"embeddable":true,"href":"https:\/\/podernacional.com\/index.php?rest_route=%2Fwp%2Fv2%2Fcomments&post=22432"}],"version-history":[{"count":1,"href":"https:\/\/podernacional.com\/index.php?rest_route=\/wp\/v2\/posts\/22432\/revisions"}],"predecessor-version":[{"id":22433,"href":"https:\/\/podernacional.com\/index.php?rest_route=\/wp\/v2\/posts\/22432\/revisions\/22433"}],"wp:featuredmedia":[{"embeddable":true,"href":"https:\/\/podernacional.com\/index.php?rest_route=\/wp\/v2\/media\/22434"}],"wp:attachment":[{"href":"https:\/\/podernacional.com\/index.php?rest_route=%2Fwp%2Fv2%2Fmedia&parent=22432"}],"wp:term":[{"taxonomy":"category","embeddable":true,"href":"https:\/\/podernacional.com\/index.php?rest_route=%2Fwp%2Fv2%2Fcategories&post=22432"},{"taxonomy":"post_tag","embeddable":true,"href":"https:\/\/podernacional.com\/index.php?rest_route=%2Fwp%2Fv2%2Ftags&post=22432"}],"curies":[{"name":"wp","href":"https:\/\/api.w.org\/{rel}","templated":true}]}}