{"id":22435,"date":"2024-06-20T11:03:30","date_gmt":"2024-06-20T16:03:30","guid":{"rendered":"https:\/\/podernacional.com\/?p=22435"},"modified":"2024-06-20T16:03:32","modified_gmt":"2024-06-20T16:03:32","slug":"seleccion-mexicana-desciende-en-el-ranking-fifa-previo-a-su-debut-en-copa-america","status":"publish","type":"post","link":"https:\/\/podernacional.com\/?p=22435","title":{"rendered":"Selecci\u00f3n Mexicana desciende en el Ranking FIFA previo a su debut en Copa Am\u00e9rica"},"content":{"rendered":"<p>A un par de d\u00edas de que la Selecci\u00f3n Mexicana haga su debut en la Copa Am\u00e9rica 2024, el m\u00e1ximo organismo rector del futbol mundial a dado a conocer la \u00faltima actualizaci\u00f3n de la tabla de clasificaci\u00f3n de selecciones donde revela que M\u00e9xico cay\u00f3 un puesto en el Ranking FIFA.<\/p>\n<p>Debido a las derrotas sufridas a manos de Uruguay y Brasil en los partidos de preparaci\u00f3n para la Copa Am\u00e9rica, M\u00e9xico cay\u00f3 una posici\u00f3n en el Ranking FIFA, siendo rebasado precisamente por la selecci\u00f3n charr\u00faa quien gole\u00f3 al Tri 4-0.<\/p>\n<p>En estos momentos M\u00e9xico se encuentra en la posici\u00f3n n\u00famero 15 del Ranking FIFA, alej\u00e1ndose cada d\u00eda m\u00e1s de Estados Unidos, quienes desde diciembre del 2022 se encuentran por encima de M\u00e9xico en la clasificaci\u00f3n.<\/p>\n<p>Cabe se\u00f1alar que a pesar del mal momento que vive M\u00e9xico, del Grupo B al que pertenece en la Copa Am\u00e9rica, es el combinado mejor posicionado en el Ranking FIFA, pues le siguen Ecuador en el puesto 30, Jamaica en el 53 y Venezuela en el 54.<\/p>\n<p>De los primeros puestos del ranking solo hubo dos movimientos en el Top 10, Brasil subiendo al puesto cuatro y bajando a Inglaterra, adem\u00e1s de Croacia tomando la posici\u00f3n nueve y relegando a Italia a la d\u00e9cima plaza.<\/p>\n<p>Ranking FIFA 20 de junio del 2024.<br \/>\n1. Argentina<br \/>\n2. Francia<br \/>\n3. B\u00e9lgica<br \/>\n4. Brasil<br \/>\n5. Inglaterra<br \/>\n6. Portugal<br \/>\n7. Pa\u00edses Bajos<br \/>\n8. Espa\u00f1a<br \/>\n9. Croacia<br \/>\n10 Italia<br \/>\n11. Estados Unidos<br \/>\n12.Marruecos<br \/>\n13. Colombia<br \/>\n14.Uruguay<br \/>\n15. M\u00e9xico<\/p>\n<p>&nbsp;<\/p>\n","protected":false},"excerpt":{"rendered":"<p>A un par de d\u00edas de que la Selecci\u00f3n Mexicana haga su debut en la Copa Am\u00e9rica 2024, el m\u00e1ximo organismo rector del futbol mundial a dado a conocer la \u00faltima actualizaci\u00f3n de la tabla de clasificaci\u00f3n de selecciones donde revela que M\u00e9xico cay\u00f3 un puesto en el Ranking FIFA. Debido a las derrotas sufridas [&hellip;]<\/p>\n","protected":false},"author":1,"featured_media":22437,"comment_status":"open","ping_status":"closed","sticky":false,"template":"","format":"standard","meta":{"footnotes":""},"categories":[3],"tags":[],"class_list":["post-22435","post","type-post","status-publish","format-standard","has-post-thumbnail","hentry","category-deportes"],"_links":{"self":[{"href":"https:\/\/podernacional.com\/index.php?rest_route=\/wp\/v2\/posts\/22435","targetHints":{"allow":["GET"]}}],"collection":[{"href":"https:\/\/podernacional.com\/index.php?rest_route=\/wp\/v2\/posts"}],"about":[{"href":"https:\/\/podernacional.com\/index.php?rest_route=\/wp\/v2\/types\/post"}],"author":[{"embeddable":true,"href":"https:\/\/podernacional.com\/index.php?rest_route=\/wp\/v2\/users\/1"}],"replies":[{"embeddable":true,"href":"https:\/\/podernacional.com\/index.php?rest_route=%2Fwp%2Fv2%2Fcomments&post=22435"}],"version-history":[{"count":1,"href":"https:\/\/podernacional.com\/index.php?rest_route=\/wp\/v2\/posts\/22435\/revisions"}],"predecessor-version":[{"id":22436,"href":"https:\/\/podernacional.com\/index.php?rest_route=\/wp\/v2\/posts\/22435\/revisions\/22436"}],"wp:featuredmedia":[{"embeddable":true,"href":"https:\/\/podernacional.com\/index.php?rest_route=\/wp\/v2\/media\/22437"}],"wp:attachment":[{"href":"https:\/\/podernacional.com\/index.php?rest_route=%2Fwp%2Fv2%2Fmedia&parent=22435"}],"wp:term":[{"taxonomy":"category","embeddable":true,"href":"https:\/\/podernacional.com\/index.php?rest_route=%2Fwp%2Fv2%2Fcategories&post=22435"},{"taxonomy":"post_tag","embeddable":true,"href":"https:\/\/podernacional.com\/index.php?rest_route=%2Fwp%2Fv2%2Ftags&post=22435"}],"curies":[{"name":"wp","href":"https:\/\/api.w.org\/{rel}","templated":true}]}}