{"id":22441,"date":"2024-06-20T11:25:19","date_gmt":"2024-06-20T16:25:19","guid":{"rendered":"https:\/\/podernacional.com\/?p=22441"},"modified":"2024-06-20T16:25:21","modified_gmt":"2024-06-20T16:25:21","slug":"italika-invertira-500-millones-de-pesos-en-jalisco","status":"publish","type":"post","link":"https:\/\/podernacional.com\/?p=22441","title":{"rendered":"Italika invertir\u00e1 500 millones de pesos en Jalisco"},"content":{"rendered":"<p>La planta se instalar\u00e1 en el municipio de El Salto y tendr\u00e1 capacidad de ensamblar 500,000 motocicletas al a\u00f1o.<\/p>\n<p>Guadalajara, Jal. La compa\u00f1\u00eda mexicana desarrolladora de motocicletas Italika invertir\u00e1 en Jalisco 500 millones de pesos (mdp), inform\u00f3 la Secretar\u00eda de Desarrollo Econ\u00f3mico (Sedeco).<\/p>\n<p>La planta, que estar\u00e1 ubicada en el municipio de El Salto, generar\u00e1 1,200 empleos directos una vez que est\u00e9 en operaci\u00f3n.<\/p>\n<p>El centro de producci\u00f3n de Italika se encuentra en la fase inicial de construcci\u00f3n y una vez que comience a operar, tendr\u00e1 la capacidad de ensamblar 500,000 motocicletas al a\u00f1o con la posibilidad de fabricar tambi\u00e9n motos el\u00e9ctricas, inform\u00f3 el titular de Sedeco, Roberto Arechederra.<\/p>\n<p>\u201cItalika, con dos l\u00edneas de producci\u00f3n, est\u00e1 anunciando una nueva inversi\u00f3n en el estado; estamos muy contentos por la confianza de Grupo Elektra\u201d, subray\u00f3 Arechederra Pacheco.<\/p>\n<p>El funcionario indic\u00f3 que la compa\u00f1\u00eda prev\u00e9 adem\u00e1s la contrataci\u00f3n de proveedores locales para los componentes de estos veh\u00edculos lo que, dijo, fortalecer\u00e1 la cadena de suministro regional y fomentar\u00e1 el desarrollo de negocios locales.<\/p>\n<p>El titular de Sedeco refiri\u00f3 que actualmente Italika cuenta con una planta en Toluca, pero debido a las ventajas estrat\u00e9gicas que ofrece Jalisco, como su conectividad con el Puerto de Manzanillo, la empresa decidi\u00f3 instalarse en la entidad para su proyecto de expansi\u00f3n.<\/p>\n","protected":false},"excerpt":{"rendered":"<p>La planta se instalar\u00e1 en el municipio de El Salto y tendr\u00e1 capacidad de ensamblar 500,000 motocicletas al a\u00f1o. Guadalajara, Jal. La compa\u00f1\u00eda mexicana desarrolladora de motocicletas Italika invertir\u00e1 en Jalisco 500 millones de pesos (mdp), inform\u00f3 la Secretar\u00eda de Desarrollo Econ\u00f3mico (Sedeco). La planta, que estar\u00e1 ubicada en el municipio de El Salto, generar\u00e1 [&hellip;]<\/p>\n","protected":false},"author":1,"featured_media":22443,"comment_status":"open","ping_status":"closed","sticky":false,"template":"","format":"standard","meta":{"footnotes":""},"categories":[7],"tags":[],"class_list":["post-22441","post","type-post","status-publish","format-standard","has-post-thumbnail","hentry","category-nacional"],"_links":{"self":[{"href":"https:\/\/podernacional.com\/index.php?rest_route=\/wp\/v2\/posts\/22441","targetHints":{"allow":["GET"]}}],"collection":[{"href":"https:\/\/podernacional.com\/index.php?rest_route=\/wp\/v2\/posts"}],"about":[{"href":"https:\/\/podernacional.com\/index.php?rest_route=\/wp\/v2\/types\/post"}],"author":[{"embeddable":true,"href":"https:\/\/podernacional.com\/index.php?rest_route=\/wp\/v2\/users\/1"}],"replies":[{"embeddable":true,"href":"https:\/\/podernacional.com\/index.php?rest_route=%2Fwp%2Fv2%2Fcomments&post=22441"}],"version-history":[{"count":1,"href":"https:\/\/podernacional.com\/index.php?rest_route=\/wp\/v2\/posts\/22441\/revisions"}],"predecessor-version":[{"id":22442,"href":"https:\/\/podernacional.com\/index.php?rest_route=\/wp\/v2\/posts\/22441\/revisions\/22442"}],"wp:featuredmedia":[{"embeddable":true,"href":"https:\/\/podernacional.com\/index.php?rest_route=\/wp\/v2\/media\/22443"}],"wp:attachment":[{"href":"https:\/\/podernacional.com\/index.php?rest_route=%2Fwp%2Fv2%2Fmedia&parent=22441"}],"wp:term":[{"taxonomy":"category","embeddable":true,"href":"https:\/\/podernacional.com\/index.php?rest_route=%2Fwp%2Fv2%2Fcategories&post=22441"},{"taxonomy":"post_tag","embeddable":true,"href":"https:\/\/podernacional.com\/index.php?rest_route=%2Fwp%2Fv2%2Ftags&post=22441"}],"curies":[{"name":"wp","href":"https:\/\/api.w.org\/{rel}","templated":true}]}}