{"id":22525,"date":"2024-06-24T10:59:23","date_gmt":"2024-06-24T15:59:23","guid":{"rendered":"https:\/\/podernacional.com\/?p=22525"},"modified":"2024-06-24T15:59:24","modified_gmt":"2024-06-24T15:59:24","slug":"imelda-tunon-viuda-de-julian-figueroa-es-captada-de-la-mano-con-misterioso-hombre","status":"publish","type":"post","link":"https:\/\/podernacional.com\/?p=22525","title":{"rendered":"Imelda Tu\u00f1\u00f3n, viuda de Juli\u00e1n Figueroa, es captada de la mano con misterioso hombre"},"content":{"rendered":"<h4>La viuda del cantante fue vista con otro hombre y desat\u00f3 rumores de un nuevo romance a un a\u00f1o de la muerte de Juli\u00e1n Figueroa.<\/h4>\n<p>&nbsp;<\/p>\n<p>En abril del 2023 lamentablemente muri\u00f3 Juli\u00e1n Figueroa, hijo de Maribel Guardia, por un problema en el coraz\u00f3n. A su partida, el cantante dej\u00f3 a su esposa, Imelda Tu\u00f1\u00f3n y a su hijo. A un a\u00f1o de su fallecimiento, recientemente la madre de su primog\u00e9nito fue captada al lado de un misterioso hombre.<\/p>\n<p>El programa \u201cVentaneando\u201d comparti\u00f3 que Imelda Tu\u00f1\u00f3n estuvo en el estreno de \u201cAventurera\u201d y que en este evento la joven actriz estuvo al lado de un hombre con quien se tomaba de la mano, lo que llam\u00f3 la atenci\u00f3n de muchos.<\/p>\n<p>&nbsp;<\/p>\n<p>Ricardo Manjarrez, reportero de \u201cVentaneando\u201d mencion\u00f3 que acudi\u00f3 al evento, en donde Imelda Tu\u00f1\u00f3n Garza lleg\u00f3 acompa\u00f1ada de un joven con el que se le vio tomada de la mano.<\/p>\n<p>&nbsp;<\/p>\n<p>\u201cImelda Tu\u00f1\u00f3n Garza, viuda de Juli\u00e1n Figueroa, asisti\u00f3 al estreno de &#8216;Aventurera&#8217; muy bien acompa\u00f1ada de un misterioso joven al que m\u00e1s de una ocasi\u00f3n tom\u00f3 de la mano\u201d, dijo el periodista.<\/p>\n<p>Juli\u00e1n Figueroa<br \/>\nImelda habla sobre el hombre que la acompa\u00f1\u00f3<br \/>\nLa nuera de Maribel Guardia fue cuestionada por el reportero si ten\u00eda una relaci\u00f3n con el hombre con el que fue acompa\u00f1ada a la obra, por lo que ella dijo lo siguiente:<\/p>\n<p>\u201cEs un amigo, tranquilo, es un amigo\u201d.<\/p>\n<p>Aunque no neg\u00f3 estar abierta a encontrar de nuevo el amor, mencion\u00f3 que por ahora est\u00e1 concentrada en su carrera y su hijo.<\/p>\n<p>\u201cAhorita estoy bien concentrada en mi carrera, de hecho, vienen cosas bien importantes, estoy a punto de terminar una canci\u00f3n (&#8230;), yo ando concentrada en eso\u201d.<\/p>\n<p>En los comentarios del video, muchas personas mostraron su apoyo a Imelda Tu\u00f1\u00f3n, ya que mencionan que est\u00e1 en su derecho de rehacer su vida tras la muerte del padre de su hijo.<\/p>\n<p>\u201cParece que es un pecado que quiera rehacer su vida. D\u00e9jenla en paz\u201d, \u201cEs joven tiene derecho de rehacer su vida\u201d, \u201cDe todo critican. Si es mucho, si es poco. La vida se acaba, el tiempo no perdona\u201d.<\/p>\n<p>juli\u00e1n figueroa<br \/>\n\u00bfQui\u00e9n es el hombre con el que estaba Imelda Tu\u00f1\u00f3n?<br \/>\nRicardo Manjarrez coment\u00f3 que el hombre que acompa\u00f1\u00f3 a Imelda Tu\u00f1\u00f3n a \u201cAventurera\u201d se llama Francisco Fern\u00e1ndez y al parecer est\u00e1 relacionado a la pol\u00edtica.<\/p>\n<p>El periodista reiter\u00f3 que la viuda de Juli\u00e1n Figueroa s\u00ed estaba tomada de la mano de Francisco Fern\u00e1ndez y mencion\u00f3 que no le parece mal que est\u00e9 d\u00e1ndose una nueva oportunidad en el amor, y que es muy joven.<\/p>\n<p>&nbsp;<\/p>\n<p>&nbsp;<\/p>\n","protected":false},"excerpt":{"rendered":"<p>La viuda del cantante fue vista con otro hombre y desat\u00f3 rumores de un nuevo romance a un a\u00f1o de la muerte de Juli\u00e1n Figueroa. &nbsp; En abril del 2023 lamentablemente muri\u00f3 Juli\u00e1n Figueroa, hijo de Maribel Guardia, por un problema en el coraz\u00f3n. A su partida, el cantante dej\u00f3 a su esposa, Imelda Tu\u00f1\u00f3n [&hellip;]<\/p>\n","protected":false},"author":1,"featured_media":22527,"comment_status":"open","ping_status":"closed","sticky":false,"template":"","format":"standard","meta":{"footnotes":""},"categories":[4],"tags":[],"class_list":["post-22525","post","type-post","status-publish","format-standard","has-post-thumbnail","hentry","category-espectaculos"],"_links":{"self":[{"href":"https:\/\/podernacional.com\/index.php?rest_route=\/wp\/v2\/posts\/22525","targetHints":{"allow":["GET"]}}],"collection":[{"href":"https:\/\/podernacional.com\/index.php?rest_route=\/wp\/v2\/posts"}],"about":[{"href":"https:\/\/podernacional.com\/index.php?rest_route=\/wp\/v2\/types\/post"}],"author":[{"embeddable":true,"href":"https:\/\/podernacional.com\/index.php?rest_route=\/wp\/v2\/users\/1"}],"replies":[{"embeddable":true,"href":"https:\/\/podernacional.com\/index.php?rest_route=%2Fwp%2Fv2%2Fcomments&post=22525"}],"version-history":[{"count":1,"href":"https:\/\/podernacional.com\/index.php?rest_route=\/wp\/v2\/posts\/22525\/revisions"}],"predecessor-version":[{"id":22526,"href":"https:\/\/podernacional.com\/index.php?rest_route=\/wp\/v2\/posts\/22525\/revisions\/22526"}],"wp:featuredmedia":[{"embeddable":true,"href":"https:\/\/podernacional.com\/index.php?rest_route=\/wp\/v2\/media\/22527"}],"wp:attachment":[{"href":"https:\/\/podernacional.com\/index.php?rest_route=%2Fwp%2Fv2%2Fmedia&parent=22525"}],"wp:term":[{"taxonomy":"category","embeddable":true,"href":"https:\/\/podernacional.com\/index.php?rest_route=%2Fwp%2Fv2%2Fcategories&post=22525"},{"taxonomy":"post_tag","embeddable":true,"href":"https:\/\/podernacional.com\/index.php?rest_route=%2Fwp%2Fv2%2Ftags&post=22525"}],"curies":[{"name":"wp","href":"https:\/\/api.w.org\/{rel}","templated":true}]}}