{"id":22532,"date":"2024-06-25T11:27:01","date_gmt":"2024-06-25T16:27:01","guid":{"rendered":"https:\/\/podernacional.com\/?p=22532"},"modified":"2024-06-25T16:27:03","modified_gmt":"2024-06-25T16:27:03","slug":"laura-imelda-celebra-la-ampliacion-del-parlamento-abierto","status":"publish","type":"post","link":"https:\/\/podernacional.com\/?p=22532","title":{"rendered":"Laura Imelda celebra la ampliaci\u00f3n del Parlamento Abierto"},"content":{"rendered":"<h4>Los Foros de Di\u00e1logos Nacionales inician el 27 de junio, para discutir y analizar la Reforma Judicial.<\/h4>\n<p>La presidenta municipal electa de Tlaquepaque, Laura Imelda P\u00e9rez Segura celebr\u00f3 la ampliaci\u00f3n del Parlamento Abierto propuesto por la C\u00e1mara de Diputados &#8211; H. Congreso de la Uni\u00f3n para la discusi\u00f3n y an\u00e1lisis de la reforma judicial; el di\u00e1logo se abrir\u00e1 a todos, se tomar\u00e1n en cuenta los planteamientos que se formulen, pero sin alterar la esencia de la iniciativa propuesta por el presidente Andr\u00e9s Manuel L\u00f3pez Obrador.<\/p>\n<p>Con la realizaci\u00f3n de esos foros se pretende ampliar el di\u00e1logo a trav\u00e9s de todos los sectores sociales y garantizar la participaci\u00f3n, una petici\u00f3n expresa de la presidente electa, Claudia Sheinbaum Pardo.<\/p>\n<p>\u201cEl 27 de junio inician los nueve Foros de Di\u00e1logos Nacionales para la Reforma del Poder Judicial, para lograr mayores consensos rumbo a la consolidaci\u00f3n del segundo piso de la Cuarta Transformaci\u00f3n y .Jalisco ser\u00e1 sede del segundo\u201d, destac\u00f3 Laura Imelda.<\/p>\n<p><img loading=\"lazy\" decoding=\"async\" class=\"alignnone size-medium wp-image-47900\" src=\"https:\/\/podernacional.com\/wp-content\/uploads\/2024\/06\/WhatsApp-Image-2024-06-25-at-11.15.35.jpeg\" alt=\"\" width=\"300\" height=\"221\" \/><\/p>\n","protected":false},"excerpt":{"rendered":"<p>Los Foros de Di\u00e1logos Nacionales inician el 27 de junio, para discutir y analizar la Reforma Judicial. La presidenta municipal electa de Tlaquepaque, Laura Imelda P\u00e9rez Segura celebr\u00f3 la ampliaci\u00f3n del Parlamento Abierto propuesto por la C\u00e1mara de Diputados &#8211; H. Congreso de la Uni\u00f3n para la discusi\u00f3n y an\u00e1lisis de la reforma judicial; el [&hellip;]<\/p>\n","protected":false},"author":1,"featured_media":22534,"comment_status":"open","ping_status":"closed","sticky":false,"template":"","format":"standard","meta":{"footnotes":""},"categories":[7],"tags":[],"class_list":["post-22532","post","type-post","status-publish","format-standard","has-post-thumbnail","hentry","category-nacional"],"_links":{"self":[{"href":"https:\/\/podernacional.com\/index.php?rest_route=\/wp\/v2\/posts\/22532","targetHints":{"allow":["GET"]}}],"collection":[{"href":"https:\/\/podernacional.com\/index.php?rest_route=\/wp\/v2\/posts"}],"about":[{"href":"https:\/\/podernacional.com\/index.php?rest_route=\/wp\/v2\/types\/post"}],"author":[{"embeddable":true,"href":"https:\/\/podernacional.com\/index.php?rest_route=\/wp\/v2\/users\/1"}],"replies":[{"embeddable":true,"href":"https:\/\/podernacional.com\/index.php?rest_route=%2Fwp%2Fv2%2Fcomments&post=22532"}],"version-history":[{"count":1,"href":"https:\/\/podernacional.com\/index.php?rest_route=\/wp\/v2\/posts\/22532\/revisions"}],"predecessor-version":[{"id":22533,"href":"https:\/\/podernacional.com\/index.php?rest_route=\/wp\/v2\/posts\/22532\/revisions\/22533"}],"wp:featuredmedia":[{"embeddable":true,"href":"https:\/\/podernacional.com\/index.php?rest_route=\/wp\/v2\/media\/22534"}],"wp:attachment":[{"href":"https:\/\/podernacional.com\/index.php?rest_route=%2Fwp%2Fv2%2Fmedia&parent=22532"}],"wp:term":[{"taxonomy":"category","embeddable":true,"href":"https:\/\/podernacional.com\/index.php?rest_route=%2Fwp%2Fv2%2Fcategories&post=22532"},{"taxonomy":"post_tag","embeddable":true,"href":"https:\/\/podernacional.com\/index.php?rest_route=%2Fwp%2Fv2%2Ftags&post=22532"}],"curies":[{"name":"wp","href":"https:\/\/api.w.org\/{rel}","templated":true}]}}