{"id":22578,"date":"2024-06-27T11:35:42","date_gmt":"2024-06-27T16:35:42","guid":{"rendered":"https:\/\/podernacional.com\/?p=22578"},"modified":"2024-06-27T16:35:43","modified_gmt":"2024-06-27T16:35:43","slug":"papa-francisco-urge-cese-al-fuego-en-las-guerras-en-oriente-medio","status":"publish","type":"post","link":"https:\/\/podernacional.com\/?p=22578","title":{"rendered":"Papa Francisco urge \u201ccese al fuego\u201d en las guerras en Oriente Medio"},"content":{"rendered":"<h4>El papa Francisco tambi\u00e9n realiz\u00f3 un llamado para que se detengan \u201cquienes alimentan la espiral de conflictos\u201d<\/h4>\n<p>&nbsp;<\/p>\n<p>El papa Francisco pidi\u00f3 este jueves un urgente \u201ccese al fuego\u201d en los conflictos en Oriente Medio y alert\u00f3 de que est\u00e1n haciendo desaparecer a los cat\u00f3licos, en una audiencia a los participantes en la 97\u00aa Asamblea del \u201cEncuentro de las Obras de Ayuda a las Iglesias Orientales\u201d (ROACO).<\/p>\n<p>En su discurso, el papa explic\u00f3 que las Iglesias orientales viven \u201caplastadas por una pesada cruz\u201d, pues est\u00e1n \u201cheridas y sangrando por los conflictos y la violencia que sufren\u201d.<\/p>\n<p>\u201cPensemos en algunos lugares donde viven: Tierra Santa y Ucrania; en Siria, en L\u00edbano, en todo el Oriente Medio; en C\u00e1ucaso y en Tigray: all\u00ed mismo, donde vive gran parte de los cat\u00f3licos orientales, la barbarie de la guerra hace estragos de forma brutal\u201d, lament\u00f3.<\/p>\n<p>En detalle, pidi\u00f3 ayuda para alentar a los cristianos, sobre todo en Oriente Medio, \u201cpara ser m\u00e1s fuertes que la tentaci\u00f3n de abandonar sus tierras devastadas por el conflicto\u201d.<\/p>\n<p>Pienso en esta situaci\u00f3n horrible. En esa tierra que se est\u00e1 despoblando de cristianos. \u00a1Cu\u00e1nto dolor causa la guerra, a\u00fan m\u00e1s estridente y absurda en los lugares donde se ha promulgado el Evangelio de la paz!\u201d, afirm\u00f3.<\/p>\n<p>El papa Francisco tambi\u00e9n realiz\u00f3 un llamado para que se detengan \u201cquienes alimentan la espiral de conflictos y obtienen de ella beneficios y ventajas\u201d<\/p>\n<p>\u201cLes repito: \u00a1Basta! Det\u00e9nganse, porque la violencia nunca traer\u00e1 la paz. Es urgente el cese el fuego, el encuentro y el di\u00e1logo para permitir la convivencia de los diferentes pueblos, \u00fanico camino posible hacia un futuro estable. Pero en la guerra, aventura insensata e inconclusa, nadie saldr\u00e1 victorioso: todos ser\u00e1n derrotados, porque la guerra, desde el principio, es ya una derrota, siempre\u201d, se\u00f1al\u00f3.<\/p>\n<p>Asegur\u00f3 que los pueblos \u201cest\u00e1n cansados\u201d de quienes repiten \u201cestribillos est\u00e9riles que siempre culpan a los dem\u00e1s, dividiendo el mundo en buenos y malos, de lideres a los que les cuesta sentarse a una mesa para encontrar mediaci\u00f3n y alentar soluciones\u201d.<\/p>\n<p>Por otra parte, tambi\u00e9n record\u00f3 \u201cel drama de Ucrania\u201d y urgi\u00f3 a que puedan liberarse los prisioneros y regresar los ni\u00f1os deportados a Rusia.<\/p>\n<p>\u201cPromover la paz y liberar a los encarcelados son signos distintivos de la fe cristiana (cf. Mt 5,9; Lc 4,18), que no puede reducirse a un instrumento de poder\u201d, agreg\u00f3.<\/p>\n<p>&nbsp;<\/p>\n","protected":false},"excerpt":{"rendered":"<p>El papa Francisco tambi\u00e9n realiz\u00f3 un llamado para que se detengan \u201cquienes alimentan la espiral de conflictos\u201d &nbsp; El papa Francisco pidi\u00f3 este jueves un urgente \u201ccese al fuego\u201d en los conflictos en Oriente Medio y alert\u00f3 de que est\u00e1n haciendo desaparecer a los cat\u00f3licos, en una audiencia a los participantes en la 97\u00aa Asamblea [&hellip;]<\/p>\n","protected":false},"author":1,"featured_media":22580,"comment_status":"open","ping_status":"closed","sticky":false,"template":"","format":"standard","meta":{"footnotes":""},"categories":[5],"tags":[],"class_list":["post-22578","post","type-post","status-publish","format-standard","has-post-thumbnail","hentry","category-internacional"],"_links":{"self":[{"href":"https:\/\/podernacional.com\/index.php?rest_route=\/wp\/v2\/posts\/22578","targetHints":{"allow":["GET"]}}],"collection":[{"href":"https:\/\/podernacional.com\/index.php?rest_route=\/wp\/v2\/posts"}],"about":[{"href":"https:\/\/podernacional.com\/index.php?rest_route=\/wp\/v2\/types\/post"}],"author":[{"embeddable":true,"href":"https:\/\/podernacional.com\/index.php?rest_route=\/wp\/v2\/users\/1"}],"replies":[{"embeddable":true,"href":"https:\/\/podernacional.com\/index.php?rest_route=%2Fwp%2Fv2%2Fcomments&post=22578"}],"version-history":[{"count":1,"href":"https:\/\/podernacional.com\/index.php?rest_route=\/wp\/v2\/posts\/22578\/revisions"}],"predecessor-version":[{"id":22579,"href":"https:\/\/podernacional.com\/index.php?rest_route=\/wp\/v2\/posts\/22578\/revisions\/22579"}],"wp:featuredmedia":[{"embeddable":true,"href":"https:\/\/podernacional.com\/index.php?rest_route=\/wp\/v2\/media\/22580"}],"wp:attachment":[{"href":"https:\/\/podernacional.com\/index.php?rest_route=%2Fwp%2Fv2%2Fmedia&parent=22578"}],"wp:term":[{"taxonomy":"category","embeddable":true,"href":"https:\/\/podernacional.com\/index.php?rest_route=%2Fwp%2Fv2%2Fcategories&post=22578"},{"taxonomy":"post_tag","embeddable":true,"href":"https:\/\/podernacional.com\/index.php?rest_route=%2Fwp%2Fv2%2Ftags&post=22578"}],"curies":[{"name":"wp","href":"https:\/\/api.w.org\/{rel}","templated":true}]}}