{"id":22596,"date":"2024-06-29T17:49:47","date_gmt":"2024-06-29T22:49:47","guid":{"rendered":"https:\/\/podernacional.com\/?p=22596"},"modified":"2024-06-29T22:49:49","modified_gmt":"2024-06-29T22:49:49","slug":"federacion-belga-se-disculpa-por-polemico-video-donde-amadou-onana-amenaza-a-mbappe","status":"publish","type":"post","link":"https:\/\/podernacional.com\/?p=22596","title":{"rendered":"Federaci\u00f3n Belga se disculpa por pol\u00e9mico video donde Amadou Onana &#8216;amenaza&#8217; a Mbapp\u00e9"},"content":{"rendered":"<h4>El mediocampista de la selecci\u00f3n de B\u00e9lgica apareci\u00f3 en un controversial video con un humorista de su pa\u00eds dedic\u00e1ndole una canci\u00f3n a Kylian.<\/h4>\n<p>La Eurocopa 2024 lleg\u00f3 a los octavos de final tras unos d\u00edas llenos de grandes emociones y sorpresas en la fase de grupos, donde B\u00e9lgica y Francia se enfrentar\u00e1n en una de las llaves de eliminaci\u00f3n directa.<\/p>\n<p>Este encuentro es de los m\u00e1s atractivos en la etapa de eliminaci\u00f3n directa, ya que ambas escuadras tienen planteles con mucho talento, aunque las dos selecciones llegan sin mostrar un gran nivel en la fase pasada.<\/p>\n<p>Antes de los duelos importantes, es normal ver a los jugadores involucrados &#8216;calentar&#8217; el partido y as\u00ed fue como sucedi\u00f3 con Amadou Onana, quien grab\u00f3 un video con un humorista belga, el cual ocasion\u00f3 problemas para su selecci\u00f3n.<\/p>\n<p>La Federaci\u00f3n Belga de F\u00fatbol (RBFA) se disculp\u00f3 este s\u00e1bado despu\u00e9s de publicar el viernes un v\u00eddeo en sus redes sociales en el que se alud\u00eda a Kylian Mbapp\u00e9 en t\u00e9rminos considerados amenazantes, antes del duelo de B\u00e9lgica y Francia en octavos de final de la Eurocopa.<\/p>\n<p>En el v\u00eddeo, un humorista pregunta a Amadou Onana qui\u00e9n atacar\u00e1 la tibia de Mbapp\u00e9 en el partido y el mediocampista belga responde entre risas: \u00ab\u00a1Onana!\u00bb.<\/p>\n<p>\u00abHemos trabajado ya varias veces con [el actor] Pablo Andr\u00e9s. Siempre fue en un ambiente humor\u00edstico. No fue el caso esta vez, as\u00ed que hemos retirado el v\u00eddeo\u00bb, declar\u00f3 Stefan Van Loock, portavoz de la RBFA en una conferencia de prensa este s\u00e1bado.<\/p>\n<p>\u00abQueremos disculparnos con todos los que hayamos podido ofender. Por nuestra parte, el asunto queda cerrado\u00bb, a\u00f1adi\u00f3, a dos d\u00edas del duelo entre belgas y franceses por un lugar en los cuartos de final de la Eurocopa.<\/p>\n","protected":false},"excerpt":{"rendered":"<p>El mediocampista de la selecci\u00f3n de B\u00e9lgica apareci\u00f3 en un controversial video con un humorista de su pa\u00eds dedic\u00e1ndole una canci\u00f3n a Kylian. La Eurocopa 2024 lleg\u00f3 a los octavos de final tras unos d\u00edas llenos de grandes emociones y sorpresas en la fase de grupos, donde B\u00e9lgica y Francia se enfrentar\u00e1n en una de [&hellip;]<\/p>\n","protected":false},"author":1,"featured_media":22598,"comment_status":"open","ping_status":"closed","sticky":false,"template":"","format":"standard","meta":{"footnotes":""},"categories":[3],"tags":[],"class_list":["post-22596","post","type-post","status-publish","format-standard","has-post-thumbnail","hentry","category-deportes"],"_links":{"self":[{"href":"https:\/\/podernacional.com\/index.php?rest_route=\/wp\/v2\/posts\/22596","targetHints":{"allow":["GET"]}}],"collection":[{"href":"https:\/\/podernacional.com\/index.php?rest_route=\/wp\/v2\/posts"}],"about":[{"href":"https:\/\/podernacional.com\/index.php?rest_route=\/wp\/v2\/types\/post"}],"author":[{"embeddable":true,"href":"https:\/\/podernacional.com\/index.php?rest_route=\/wp\/v2\/users\/1"}],"replies":[{"embeddable":true,"href":"https:\/\/podernacional.com\/index.php?rest_route=%2Fwp%2Fv2%2Fcomments&post=22596"}],"version-history":[{"count":1,"href":"https:\/\/podernacional.com\/index.php?rest_route=\/wp\/v2\/posts\/22596\/revisions"}],"predecessor-version":[{"id":22597,"href":"https:\/\/podernacional.com\/index.php?rest_route=\/wp\/v2\/posts\/22596\/revisions\/22597"}],"wp:featuredmedia":[{"embeddable":true,"href":"https:\/\/podernacional.com\/index.php?rest_route=\/wp\/v2\/media\/22598"}],"wp:attachment":[{"href":"https:\/\/podernacional.com\/index.php?rest_route=%2Fwp%2Fv2%2Fmedia&parent=22596"}],"wp:term":[{"taxonomy":"category","embeddable":true,"href":"https:\/\/podernacional.com\/index.php?rest_route=%2Fwp%2Fv2%2Fcategories&post=22596"},{"taxonomy":"post_tag","embeddable":true,"href":"https:\/\/podernacional.com\/index.php?rest_route=%2Fwp%2Fv2%2Ftags&post=22596"}],"curies":[{"name":"wp","href":"https:\/\/api.w.org\/{rel}","templated":true}]}}