{"id":22658,"date":"2024-07-02T10:09:31","date_gmt":"2024-07-02T15:09:31","guid":{"rendered":"https:\/\/podernacional.com\/?p=22658"},"modified":"2024-07-02T15:09:54","modified_gmt":"2024-07-02T15:09:54","slug":"pescadores-de-punta-herrero-huyen-del-huracan-beryl","status":"publish","type":"post","link":"https:\/\/podernacional.com\/?p=22658","title":{"rendered":"Pescadores de Punta Herrero huyen del hurac\u00e1n Beryl"},"content":{"rendered":"<p>Con un emotivo mensaje, expresan su esperanza de regresar y encontrar sus viviendas intactas. Este peque\u00f1o pueblo, vulnerable a fen\u00f3menos naturales, se prepara para enfrentar una nueva prueba mientras la regi\u00f3n toma medidas preventivas para mitigar el impacto del cicl\u00f3n.<\/p>\n<p>Los pocos habitantes de Punta Herrero, dedicados en su mayor\u00eda a la pesca, se despidieron de su querido pueblo debido a la inminente llegada del hurac\u00e1n BERYL, que amenaza las costas de Quintana Roo y Yucat\u00e1n. Este peque\u00f1o asentamiento, hogar de decenas de pescadores que han encontrado en estas playas su sustento y modo de vida, enfrenta ahora la incertidumbre y el temor que trae consigo el poderoso cicl\u00f3n.<\/p>\n<p>Con l\u00e1grimas y un nudo en la garganta, los pescadores de Punta Herrero pronunciaron un emotivo mensaje antes de abandonar sus hogares: \u00abYa nos vamos, esperamos regresar y encontrar nuestra casita\u00bb. Estas palabras reflejan la mezcla de esperanza y preocupaci\u00f3n que embarga a esta comunidad, que ha visto en Punta Herrero no solo un lugar de trabajo, sino tambi\u00e9n un hogar construido a base de esfuerzo y dedicaci\u00f3n.<\/p>\n<p>Punta Herrero, localizada en el municipio de Felipe Carrillo Puerto en el estado de Quintana Roo, es un pintoresco pueblo con solo 20 habitantes, situado a 3 metros sobre el nivel del mar. En el contexto del municipio, ocupa el puesto n\u00famero 77 en cuanto a n\u00famero de habitantes. Pese a la fragilidad de sus playas, los pescadores han elegido este lugar para establecerse y desarrollar sus actividades diarias.<\/p>\n<p>La evacuaci\u00f3n de Punta Herrero es un recordatorio de la vulnerabilidad de estas comunidades costeras ante fen\u00f3menos naturales cada vez m\u00e1s intensos y frecuentes. Mientras los habitantes se preparan para el impacto del hurac\u00e1n BERYL, el resto de la regi\u00f3n tambi\u00e9n toma precauciones, reforzando la importancia de la prevenci\u00f3n y la preparaci\u00f3n ante estos desastres naturales.<\/p>\n<p>La esperanza de estos pescadores es regresar pronto y encontrar su pueblo tal como lo dejaron, intacto y esper\u00e1ndolos para continuar con sus vidas y labores cotidianas.<\/p>\n<p><img loading=\"lazy\" decoding=\"async\" class=\"alignnone size-medium wp-image-48182\" src=\"https:\/\/podernacional.com\/wp-content\/uploads\/2024\/07\/WhatsApp-Image-2024-07-02-at-09.39.43-3.jpeg\" alt=\"\" width=\"225\" height=\"300\" \/> <img loading=\"lazy\" decoding=\"async\" class=\"alignnone size-medium wp-image-48183\" src=\"https:\/\/podernacional.com\/wp-content\/uploads\/2024\/07\/WhatsApp-Image-2024-07-02-at-09.39.43-2-225x300.jpeg\" alt=\"\" width=\"225\" height=\"300\" \/> <img loading=\"lazy\" decoding=\"async\" class=\"alignnone size-medium wp-image-48184\" src=\"https:\/\/podernacional.com\/wp-content\/uploads\/2024\/07\/WhatsApp-Image-2024-07-02-at-09.39.43-225x300.jpeg\" alt=\"\" width=\"225\" height=\"300\" \/><\/p>\n","protected":false},"excerpt":{"rendered":"<p>Con un emotivo mensaje, expresan su esperanza de regresar y encontrar sus viviendas intactas. Este peque\u00f1o pueblo, vulnerable a fen\u00f3menos naturales, se prepara para enfrentar una nueva prueba mientras la regi\u00f3n toma medidas preventivas para mitigar el impacto del cicl\u00f3n. Los pocos habitantes de Punta Herrero, dedicados en su mayor\u00eda a la pesca, se despidieron [&hellip;]<\/p>\n","protected":false},"author":1,"featured_media":22660,"comment_status":"open","ping_status":"closed","sticky":false,"template":"","format":"standard","meta":{"footnotes":""},"categories":[7,10],"tags":[],"class_list":["post-22658","post","type-post","status-publish","format-standard","has-post-thumbnail","hentry","category-nacional","category-quintana-roo"],"_links":{"self":[{"href":"https:\/\/podernacional.com\/index.php?rest_route=\/wp\/v2\/posts\/22658","targetHints":{"allow":["GET"]}}],"collection":[{"href":"https:\/\/podernacional.com\/index.php?rest_route=\/wp\/v2\/posts"}],"about":[{"href":"https:\/\/podernacional.com\/index.php?rest_route=\/wp\/v2\/types\/post"}],"author":[{"embeddable":true,"href":"https:\/\/podernacional.com\/index.php?rest_route=\/wp\/v2\/users\/1"}],"replies":[{"embeddable":true,"href":"https:\/\/podernacional.com\/index.php?rest_route=%2Fwp%2Fv2%2Fcomments&post=22658"}],"version-history":[{"count":1,"href":"https:\/\/podernacional.com\/index.php?rest_route=\/wp\/v2\/posts\/22658\/revisions"}],"predecessor-version":[{"id":22659,"href":"https:\/\/podernacional.com\/index.php?rest_route=\/wp\/v2\/posts\/22658\/revisions\/22659"}],"wp:featuredmedia":[{"embeddable":true,"href":"https:\/\/podernacional.com\/index.php?rest_route=\/wp\/v2\/media\/22660"}],"wp:attachment":[{"href":"https:\/\/podernacional.com\/index.php?rest_route=%2Fwp%2Fv2%2Fmedia&parent=22658"}],"wp:term":[{"taxonomy":"category","embeddable":true,"href":"https:\/\/podernacional.com\/index.php?rest_route=%2Fwp%2Fv2%2Fcategories&post=22658"},{"taxonomy":"post_tag","embeddable":true,"href":"https:\/\/podernacional.com\/index.php?rest_route=%2Fwp%2Fv2%2Ftags&post=22658"}],"curies":[{"name":"wp","href":"https:\/\/api.w.org\/{rel}","templated":true}]}}